{"id":23586,"date":"2024-08-09T13:53:11","date_gmt":"2024-08-09T16:53:11","guid":{"rendered":"https:\/\/niteo.com.br\/blog\/?p=23586"},"modified":"2024-12-10T11:11:04","modified_gmt":"2024-12-10T14:11:04","slug":"governanca-de-dados-no-setor-publico","status":"publish","type":"post","link":"https:\/\/niteo.com.br\/blog\/governanca-de-dados-no-setor-publico\/","title":{"rendered":"Estrat\u00e9gias de governan\u00e7a de dados no setor p\u00fablico para potencializar a efici\u00eancia e a transpar\u00eancia"},"content":{"rendered":"\n<p><em>Nesta conversa com Josmar Machado, CEO na Niteo, abordamos a import\u00e2ncia da governan\u00e7a de dados no setor p\u00fablico, al\u00e9m das oportunidades e dos desafios em sua implementa\u00e7\u00e3o.<\/em><\/p>\n\n\n\n<div class=\"wp-block-yoast-seo-table-of-contents yoast-table-of-contents\"><h2>Voc\u00ea ler\u00e1 aqui:<\/h2><ul><li><a href=\"#h-antes-de-iniciarmos-o-bate-papo-trago-um-breve-contexto-sobre-o-assunto\" data-level=\"2\">Antes de iniciarmos o bate-papo, trago um breve contexto sobre o assunto<\/a><\/li><li><a href=\"#h-josmar-o-que-estabelece-a-regulamentacao-da-governanca-de-dados-no-servico-publico-brasileiro\" data-level=\"2\">Josmar, o que estabelece a regulamenta\u00e7\u00e3o da governan\u00e7a de dados no servi\u00e7o p\u00fablico brasileiro?<\/a><\/li><li><a href=\"#h-agora-como-voce-ve-a-importancia-da-governanca-de-dados-no-servico-publico\" data-level=\"2\">Agora, como voc\u00ea v\u00ea a import\u00e2ncia da governan\u00e7a de dados no servi\u00e7o p\u00fablico?<\/a><\/li><li><a href=\"#h-voce-pode-nos-dizer-como-e-possivel-proteger-dados-sensiveis-no-setor-publico\" data-level=\"2\">Voc\u00ea pode nos dizer como \u00e9 poss\u00edvel proteger dados sens\u00edveis no setor p\u00fablico?<\/a><\/li><li><a href=\"#h-tudo-isso-esta-ligado-as-premissas-da-governanca-de-dados-no-setor-publico-correto\" data-level=\"2\">Tudo isso est\u00e1 ligado \u00e0s premissas da governan\u00e7a de dados no setor p\u00fablico, correto?<\/a><\/li><li><a href=\"#h-sobre-as-dificuldades-mais-amplas-quais-sao-os-maiores-desafios-para-implementar-a-governanca-de-dados-no-setor-publico\" data-level=\"2\">Sobre as dificuldades mais amplas, quais s\u00e3o os maiores desafios para implementar a governan\u00e7a de dados no setor p\u00fablico?<\/a><\/li><li><a href=\"#h-voce-pode-nos-sugerir-entao-estrategias-para-implementar-uma-governanca-de-dados-eficaz-no-setor-publico\" data-level=\"2\">Voc\u00ea pode nos sugerir, ent\u00e3o, estrat\u00e9gias para implementar uma governan\u00e7a de dados eficaz no setor p\u00fablico?<\/a><\/li><li><a href=\"#h-voce-poderia-mencionar-um-caso-de-sucesso-de-modernizacao-no-servico-publico\" data-level=\"2\">Voc\u00ea poderia mencionar um caso de sucesso de moderniza\u00e7\u00e3o no servi\u00e7o p\u00fablico?<\/a><\/li><li><a href=\"#h-para-finalizar-qual-a-sua-conclusao-sobre-governanca-de-dados-no-setor-publico\" data-level=\"2\">Para finalizar, qual a sua conclus\u00e3o sobre governan\u00e7a de dados no setor p\u00fablico?<\/a><\/li><\/ul><\/div>\n\n\n\n<p>Em mar\u00e7o de 2024, <strong>estive na Confer\u00eancia Gartner Data &amp; Analytics 2024<\/strong>, o maior evento de dados e an\u00e1lises do Brasil, para representar a Niteo Technologies. Fomos um dos patrocinadores desta gigante confer\u00eancia.<\/p>\n\n\n\n<figure class=\"wp-block-image size-full is-resized\"><img loading=\"lazy\" decoding=\"async\" width=\"910\" height=\"536\" src=\"https:\/\/niteo.com.br\/blog\/wp-content\/uploads\/2024\/08\/jeff-gartner-1.jpg\" alt=\"Colagem de duas fotos da Confer\u00eancia Gartner Data &amp; Analytics 2024, na qual a da esquerda est\u00e1 Jefferson Tolentino, CSO na Niteo, em frente ao estande da Niteo Technologies, e na direita, est\u00e1 a foto do crach\u00e1 usado por ele.\" class=\"wp-image-23570\" style=\"width:1108px;height:auto\" srcset=\"https:\/\/niteo.com.br\/blog\/wp-content\/uploads\/2024\/08\/jeff-gartner-1.jpg 910w, https:\/\/niteo.com.br\/blog\/wp-content\/uploads\/2024\/08\/jeff-gartner-1-300x177.jpg 300w, https:\/\/niteo.com.br\/blog\/wp-content\/uploads\/2024\/08\/jeff-gartner-1-150x88.jpg 150w, https:\/\/niteo.com.br\/blog\/wp-content\/uploads\/2024\/08\/jeff-gartner-1-200x118.jpg 200w, https:\/\/niteo.com.br\/blog\/wp-content\/uploads\/2024\/08\/jeff-gartner-1-600x353.jpg 600w, https:\/\/niteo.com.br\/blog\/wp-content\/uploads\/2024\/08\/jeff-gartner-1-60x35.jpg 60w, https:\/\/niteo.com.br\/blog\/wp-content\/uploads\/2024\/08\/jeff-gartner-1-400x236.jpg 400w\" sizes=\"auto, (max-width: 910px) 100vw, 910px\" \/><figcaption class=\"wp-element-caption\">Estande da Niteo Technologies e o crach\u00e1 da Confer\u00eancia Gartner Data &amp; Analytics 2024<\/figcaption><\/figure>\n\n\n\n<p>Um dos temas mais falados nas palestras dos especialistas do Gartner foi a <strong>governan\u00e7a de dados<\/strong>.<\/p>\n\n\n\n<p>Sem d\u00favidas, o assunto merece horas de conversas e discuss\u00f5es.<\/p>\n\n\n\n<p>Nesta era de <strong>crescimento exponencial<\/strong> <strong>dos volumes de dados<\/strong>, e que a <strong>Intelig\u00eancia Artificial pode se tornar uma amea\u00e7a<\/strong> quando n\u00e3o h\u00e1 uma estrat\u00e9gia de governan\u00e7a adequada, \u00e9 fundamental que o tema seja o centro das aten\u00e7\u00f5es. &nbsp;<\/p>\n\n\n\n<figure class=\"wp-block-image size-full\"><img loading=\"lazy\" decoding=\"async\" width=\"768\" height=\"643\" src=\"https:\/\/niteo.com.br\/blog\/wp-content\/uploads\/2024\/08\/governanca-de-dados-conferencia-gartner-data-analytics.jpg\" alt=\"Foto da palestra de governan\u00e7a de dados na Confer\u00eancia Gartner Data &amp; Analytics 2024, com o primeiro slide da apresenta\u00e7\u00e3o do especialista Andrew White.\" class=\"wp-image-23568\" srcset=\"https:\/\/niteo.com.br\/blog\/wp-content\/uploads\/2024\/08\/governanca-de-dados-conferencia-gartner-data-analytics.jpg 768w, https:\/\/niteo.com.br\/blog\/wp-content\/uploads\/2024\/08\/governanca-de-dados-conferencia-gartner-data-analytics-300x251.jpg 300w, https:\/\/niteo.com.br\/blog\/wp-content\/uploads\/2024\/08\/governanca-de-dados-conferencia-gartner-data-analytics-150x126.jpg 150w, https:\/\/niteo.com.br\/blog\/wp-content\/uploads\/2024\/08\/governanca-de-dados-conferencia-gartner-data-analytics-200x167.jpg 200w, https:\/\/niteo.com.br\/blog\/wp-content\/uploads\/2024\/08\/governanca-de-dados-conferencia-gartner-data-analytics-600x502.jpg 600w, https:\/\/niteo.com.br\/blog\/wp-content\/uploads\/2024\/08\/governanca-de-dados-conferencia-gartner-data-analytics-60x50.jpg 60w, https:\/\/niteo.com.br\/blog\/wp-content\/uploads\/2024\/08\/governanca-de-dados-conferencia-gartner-data-analytics-400x335.jpg 400w\" sizes=\"auto, (max-width: 768px) 100vw, 768px\" \/><figcaption class=\"wp-element-caption\">Palestra sobre governan\u00e7a de dados na Confer\u00eancia Gartner Data &amp; Analytics 2024<\/figcaption><\/figure>\n\n\n\n<p>Nas empresas privadas, <strong>implementar e modificar pol\u00edticas de governan\u00e7a de dados<\/strong> exige grandes esfor\u00e7os. No entanto, estas s\u00e3o mais flex\u00edveis e \u00e1geis para poss\u00edveis adapta\u00e7\u00f5es.<\/p>\n\n\n\n<p>E quando falamos do setor p\u00fablico? Como \u00e9 poss\u00edvel desenvolver estrat\u00e9gias de governan\u00e7a eficazes e, ainda, atualiz\u00e1-las quando necess\u00e1rio, <strong>sendo um setor t\u00e3o burocr\u00e1tico<\/strong>?<\/p>\n\n\n\n<p>Para responder a perguntas como essas, chamei <a href=\"https:\/\/www.linkedin.com\/in\/euojosmar\/\" target=\"_blank\" rel=\"noreferrer noopener\">Josmar Machado<\/a>, CEO na Niteo, para um bate-papo em que abordamos os <strong>obst\u00e1culos e as solu\u00e7\u00f5es para governan\u00e7a de dados no setor p\u00fablico<\/strong>.<\/p>\n\n\n\n<p>Al\u00e9m disso, conversamos sobre os <strong>benef\u00edcios<\/strong> da estrat\u00e9gia e <strong>explicamos como a Niteo<\/strong> pode atuar nesse cen\u00e1rio.<\/p>\n\n\n\n<p>Josmar entende que, para compreender a aplica\u00e7\u00e3o pr\u00e1tica e os benef\u00edcios da governan\u00e7a de dados no setor p\u00fablico brasileiro, \u00e9 essencial <strong>examinar o quadro regulat\u00f3rio que orienta essas pr\u00e1ticas<\/strong>.<\/p>\n\n\n\n<p>Isso porque <strong>as<\/strong> <strong>leis e os decretos<\/strong> estabelecem as diretrizes necess\u00e1rias para que a administra\u00e7\u00e3o p\u00fablica alcance sua m\u00e1xima efici\u00eancia e transpar\u00eancia.<\/p>\n\n\n\n<p>Vem com a gente que explicamos!<\/p>\n\n\n\n<h2 class=\"wp-block-heading\" id=\"h-antes-de-iniciarmos-o-bate-papo-trago-um-breve-contexto-sobre-o-assunto\">Antes de iniciarmos o bate-papo, trago um breve contexto sobre o assunto<\/h2>\n\n\n\n<p>A governan\u00e7a de dados no setor p\u00fablico brasileiro ganhou uma import\u00e2ncia crescente nos <strong>\u00faltimos quinze anos<\/strong>, principalmente em fun\u00e7\u00e3o de tr\u00eas grandes tend\u00eancias:<\/p>\n\n\n\n<ul class=\"wp-block-list\">\n<li>a digitaliza\u00e7\u00e3o dos servi\u00e7os governamentais;<\/li>\n\n\n\n<li>as necessidades emergentes de prote\u00e7\u00e3o de dados;<\/li>\n\n\n\n<li>e a demanda crescente por transpar\u00eancia e responsabilidade.<\/li>\n<\/ul>\n\n\n\n<p>Essas tend\u00eancias refletem um <strong>movimento global<\/strong> em dire\u00e7\u00e3o a maior efici\u00eancia, acessibilidade e seguran\u00e7a nos servi\u00e7os p\u00fablicos, mas tamb\u00e9m apresentam desafios espec\u00edficos no contexto brasileiro.<\/p>\n\n\n\n<p>E tudo isso vamos abordar a partir de agora.<\/p>\n\n\n\n<h2 class=\"wp-block-heading\" id=\"h-josmar-o-que-estabelece-a-regulamentacao-da-governanca-de-dados-no-servico-publico-brasileiro\">Josmar, o que estabelece a regulamenta\u00e7\u00e3o da governan\u00e7a de dados no servi\u00e7o p\u00fablico brasileiro?<\/h2>\n\n\n\n<p>J\u00e1 come\u00e7amos com uma \u00f3tima pergunta, Jefferson. Aqui na Niteo, por sermos uma consultoria focada em dados, intelig\u00eancia artificial e infraestruturas de TI, precisamos <strong>compreender cada parte das legisla\u00e7\u00f5es relacionadas aos dados<\/strong>. Eles s\u00e3o o cora\u00e7\u00e3o das estrat\u00e9gias e iniciativas de qualquer neg\u00f3cio.<\/p>\n\n\n\n<p>Por isso, posso afirmar que, no atual cen\u00e1rio, <strong>a regulamenta\u00e7\u00e3o e a normatiza\u00e7\u00e3o<\/strong> brasileiras apontam o caminho que a governan\u00e7a de dados no servi\u00e7o p\u00fablico deve seguir.<\/p>\n\n\n\n<p>Destaco <strong>tr\u00eas das principais leis<\/strong> que o setor p\u00fablico deve acatar atualmente sobre o uso e o tratamento de dados:<\/p>\n\n\n\n<ul class=\"wp-block-list\">\n<li>Lei do Governo Digital (<a href=\"https:\/\/www.planalto.gov.br\/ccivil_03\/_ato2019-2022\/2021\/lei\/L14129.htm\" target=\"_blank\" rel=\"noreferrer noopener\" class=\"broken_link\">Lei n\u00ba 14.129\/2021<\/a>), que disp\u00f5em sobre os dados que a administra\u00e7\u00e3o p\u00fablica deve tratar e gerir.<\/li>\n\n\n\n<li>Lei de Acesso \u00e0 Informa\u00e7\u00e3o (<a href=\"https:\/\/www.planalto.gov.br\/ccivil_03\/_ato2011-2014\/2011\/lei\/l12527.htm\" target=\"_blank\" rel=\"noreferrer noopener\" class=\"broken_link\">Lei n\u00b0 12.527\/2011<\/a>).<\/li>\n\n\n\n<li>Lei Geral de Prote\u00e7\u00e3o de Dados Pessoais (LGPD) (<a href=\"https:\/\/www.planalto.gov.br\/ccivil_03\/_ato2015-2018\/2018\/lei\/l13709.htm\" target=\"_blank\" rel=\"noreferrer noopener\" class=\"broken_link\">Lei n\u00ba 13.709\/2018<\/a>).&nbsp;<\/li>\n<\/ul>\n\n\n\n<p>Explicarei o papel de cada uma separadamente.<\/p>\n\n\n\n<h3 class=\"wp-block-heading\" id=\"h-a-lei-do-governo-digital\">A Lei do Governo Digital<\/h3>\n\n\n\n<p>A <strong>digitaliza\u00e7\u00e3o dos servi\u00e7os governamentais<\/strong> no Brasil foi intensificada pela Lei do Governo Digital, que promoveu uma s\u00e9rie de inova\u00e7\u00f5es para aumentar a efici\u00eancia p\u00fablica por meio da tecnologia.<\/p>\n\n\n\n<p>Esse movimento de digitaliza\u00e7\u00e3o \u00e9 suportado pelo <a href=\"https:\/\/www.planalto.gov.br\/ccivil_03\/_ato2019-2022\/2019\/decreto\/D10046.htm\" target=\"_blank\" rel=\"noreferrer noopener\" class=\"broken_link\">Decreto n\u00ba 10.046 de 9 de outubro de 2019<\/a>, que regula a governan\u00e7a de dados no governo federal, direcionando <strong>o compartilhamento, a arquitetura, a seguran\u00e7a e a qualidade dos dados<\/strong>.<\/p>\n\n\n\n<p>Tais regulamentos visam melhorar a interoperabilidade dos sistemas e a gest\u00e3o de pol\u00edticas p\u00fablicas por meio de uma <strong>abordagem mais integrada e segura<\/strong> ao uso de dados.<\/p>\n\n\n\n<h3 class=\"wp-block-heading\" id=\"h-lei-de-acesso-a-informacao\">Lei de Acesso \u00e0 Informa\u00e7\u00e3o<\/h3>\n\n\n\n<p>J\u00e1 a Lei de Acesso \u00e0 Informa\u00e7\u00e3o fortaleceu a transpar\u00eancia e a responsabilidade no setor p\u00fablico ao permitir que qualquer pessoa, f\u00edsica ou jur\u00eddica, <strong>acesse informa\u00e7\u00f5es p\u00fablicas sem necessidade de justificativas<\/strong>.<\/p>\n\n\n\n<p>Desde sua implementa\u00e7\u00e3o, em maio de 2012, at\u00e9 2022, o Poder Executivo Federal <strong>j\u00e1 recebeu mais de 1,1 milh\u00e3o de pedidos de informa\u00e7\u00e3o<\/strong>, refletindo uma crescente demanda por transpar\u00eancia.<\/p>\n\n\n\n<p>E tenho visto que os tempos de resposta t\u00eam melhorado.<\/p>\n\n\n\n<p>Considerando a totalidade de pedidos respondidos, o tempo m\u00e9dio \u00e9 de cerca de 14,97 dias.&nbsp;<\/p>\n\n\n\n<p>J\u00e1 em 2022, o tempo m\u00e9dio de resposta foi de 10,86 dias, sendo o prazo legal para resposta de 20 dias, prorrog\u00e1veis por mais 10.<\/p>\n\n\n\n<p>Em resumo, considero a Lei de Acesso \u00e0 Informa\u00e7\u00e3o um instrumento crucial para a <strong>democratiza\u00e7\u00e3o do acesso \u00e0 informa\u00e7\u00e3o no Brasil<\/strong>.<\/p>\n\n\n\n<p>Ela fortalece os fundamentos da transpar\u00eancia, da<em> accountability <\/em>(responsabilidade) e do controle social, embora ainda existam barreiras a serem superadas para que seu potencial seja plenamente realizado.<\/p>\n\n\n\n<h3 class=\"wp-block-heading\" id=\"h-lei-geral-de-protecao-de-dados-lgpd\">Lei Geral de Prote\u00e7\u00e3o de Dados (LGPD)<\/h3>\n\n\n\n<p>Refletindo sobre os projetos de dados que desenvolvemos na Niteo, posso dizer que a LGPD (Lei Geral de Prote\u00e7\u00e3o de Dados) \u00e9 a que estamos mais familiarizados (n\u00e3o s\u00f3 a gente, como tamb\u00e9m nossos clientes, parceiros). Afinal, \u00e9 ela que estabelece diretrizes claras para <strong>a coleta, o armazenamento, o processamento e o compartilhamento<\/strong> de dados pessoais. &nbsp;<\/p>\n\n\n\n<p>A LGPD assegura que as diretrizes de governan\u00e7a de dados estejam alinhadas com os direitos de privacidade dos cidad\u00e3os e as exig\u00eancias legais.<\/p>\n\n\n\n<p>Por isso, segui-la \u00e0 risca \u00e9 essencial para organiza\u00e7\u00f5es de absolutamente todos os setores.<\/p>\n\n\n\n<h2 class=\"wp-block-heading\" id=\"h-agora-como-voce-ve-a-importancia-da-governanca-de-dados-no-servico-publico\">Agora, como voc\u00ea v\u00ea a import\u00e2ncia da governan\u00e7a de dados no servi\u00e7o p\u00fablico?<\/h2>\n\n\n\n<p>O movimento para o digital no servi\u00e7o p\u00fablico, ao mesmo tempo que melhora os servi\u00e7os para os cidad\u00e3os, <strong>gera uma quantidade significativa de dados<\/strong>.<\/p>\n\n\n\n<p>A governan\u00e7a de dados se torna crucial, portanto, para garantir que essa massa de dados seja usada de forma eficaz para <strong>aprimorar os servi\u00e7os p\u00fablicos<\/strong> e para que a privacidade e a seguran\u00e7a das informa\u00e7\u00f5es da popula\u00e7\u00e3o sejam protegidas.<\/p>\n\n\n\n<p>Ao abordar a governan\u00e7a de dados no setor p\u00fablico e a automa\u00e7\u00e3o de servi\u00e7os, enfrentamos desafios complexos que <strong>exigem solu\u00e7\u00f5es t\u00e9cnicas detalhadas<\/strong> e bem planejadas.<\/p>\n\n\n\n<p><em>Se voc\u00ea ainda n\u00e3o se familiarizou com o Data Governance, recomendo que volte um passo e entenda mais neste artigo: <\/em><a href=\"\/blog\/o-que-e-governanca-de-dados\/\" target=\"_blank\" rel=\"noreferrer noopener\"><em>O que \u00e9 governan\u00e7a de dados e como implement\u00e1-la? Descubra!<\/em><\/a><em> &nbsp;&nbsp;&nbsp;<\/em><\/p>\n\n\n\n<h2 class=\"wp-block-heading\" id=\"h-voce-pode-nos-dizer-como-e-possivel-proteger-dados-sensiveis-no-setor-publico\">Voc\u00ea pode nos dizer como \u00e9 poss\u00edvel proteger dados sens\u00edveis no setor p\u00fablico?<\/h2>\n\n\n\n<p>Claro! As entidades governamentais <strong>s\u00e3o obrigadas a proteger dados sens\u00edveis e pessoais<\/strong>, em conformidade com regulamenta\u00e7\u00f5es como a Lei Geral de Prote\u00e7\u00e3o de Dados (LGPD) e o Decreto n\u00ba 10.046\/2019, mencionados antes.<\/p>\n\n\n\n<p>Por isso, t\u00e9cnicas como <strong>criptografia avan\u00e7ada, autentica\u00e7\u00e3o multifator e controles rigorosos de acesso<\/strong> devem ser implementadas para assegurar que os dados n\u00e3o sejam apenas protegidos contra viola\u00e7\u00f5es, como tamb\u00e9m <strong>tratados de maneira \u00e9tica e legal<\/strong>.<\/p>\n\n\n\n<p>Quanto \u00e0s solu\u00e7\u00f5es de automa\u00e7\u00e3o, elas devem ser projetadas considerando <strong>princ\u00edpios de privacidade desde a concep\u00e7\u00e3o e por padr\u00e3o<\/strong>, o que inclui a <strong>minimiza\u00e7\u00e3o<\/strong> de dados e a <strong>anonimiza\u00e7\u00e3o<\/strong> sempre que poss\u00edvel.<\/p>\n\n\n\n<p>Tamb\u00e9m vejo a necessidade de estabelecer estrat\u00e9gias de governan\u00e7a para <strong>revisar periodicamente<\/strong> as pol\u00edticas de dados e <strong>adapt\u00e1-las<\/strong> \u00e0s novas regulamenta\u00e7\u00f5es e amea\u00e7as emergentes.<\/p>\n\n\n\n<p>Nesse sentido, a <a href=\"https:\/\/www.gov.br\/economia\/pt-br\/centrais-de-conteudo\/publicacoes\/cartilhas\/cartilha-governanca-de-dados-2013-volume-i.pdf\" target=\"_blank\" rel=\"noreferrer noopener\">Cartilha de Governan\u00e7a de Dados<\/a> do Minist\u00e9rio da Economia aponta para a demanda de um <strong>gerenciamento eficaz do ciclo de vida dos dados<\/strong>, enfatizando que a <strong>qualidade<\/strong> dos mesmos impacta diretamente a efici\u00eancia operacional.<\/p>\n\n\n\n<p>A implementa\u00e7\u00e3o de pr\u00e1ticas robustas de governan\u00e7a de dados ajuda a <strong>assegurar que os dados sejam precisos, e estejam dispon\u00edveis e seguros<\/strong>.<\/p>\n\n\n\n<h2 class=\"wp-block-heading\" id=\"h-tudo-isso-esta-ligado-as-premissas-da-governanca-de-dados-no-setor-publico-correto\">Tudo isso est\u00e1 ligado \u00e0s premissas da governan\u00e7a de dados no setor p\u00fablico, correto?<\/h2>\n\n\n\n<p>Com certeza. A governan\u00e7a de dados no setor p\u00fablico \u00e9 fundamentada em premissas que visam assegurar a <strong>qualidade, a transpar\u00eancia, a disponibilidade, a seguran\u00e7a e a interoperabilidade dos dados<\/strong>.<\/p>\n\n\n\n<p>Uma <strong>premissa central \u00e9 a garantia da qualidade dos dados<\/strong>, essencial para a formula\u00e7\u00e3o de pol\u00edticas p\u00fablicas eficazes.<\/p>\n\n\n\n<p>De outro lado, o acesso p\u00fablico \u00e0s informa\u00e7\u00f5es governamentais promove transpar\u00eancia e permite que os cidad\u00e3os <strong>fiscalizem as a\u00e7\u00f5es do governo<\/strong> e participem mais ativamente nas decis\u00f5es pol\u00edticas.<\/p>\n\n\n\n<p>J\u00e1 a <strong>disponibilidade de dados<\/strong> fomenta uma cultura de responsabilidade e <strong>presta\u00e7\u00e3o de contas<\/strong> por parte das entidades governamentais.&nbsp;<\/p>\n\n\n\n<p>Por fim, \u00e9 essencial <strong>empregar protocolos rigorosos de seguran\u00e7a da informa\u00e7\u00e3o<\/strong>.<\/p>\n\n\n\n<p>Assim, \u00e9 poss\u00edvel proteger os dados pessoais para assegurar a integridade e a confidencialidade dos <strong>dados armazenados e transmitidos<\/strong> entre diferentes entidades governamentais.<\/p>\n\n\n\n<h3 class=\"wp-block-heading\" id=\"h-por-que-a-qualidade-dos-dados-e-uma-premissa-central\">Por que a qualidade dos dados \u00e9 uma premissa central?<\/h3>\n\n\n\n<p>Em se tratando de dados governamentais, vamos lembrar que o Decreto n\u00b0 10.046\/2019, que disp\u00f5e sobre a governan\u00e7a de dados no \u00e2mbito da administra\u00e7\u00e3o p\u00fablica federal, tamb\u00e9m <strong>instituiu<\/strong> o <a href=\"https:\/\/www.gov.br\/governodigital\/pt-br\/governanca-de-dados\/comite-central-de-governanca-de-dados\" target=\"_blank\" rel=\"noreferrer noopener\">Comit\u00ea Central de Governan\u00e7a de Dados (CCGD)<\/a>.<\/p>\n\n\n\n<p>Esse Comit\u00ea \u00e9 respons\u00e1vel por <strong>decidir quest\u00f5es sobre integridade, qualidade e consist\u00eancia<\/strong> dos dados do <a href=\"https:\/\/www.gov.br\/conecta\/catalogo\/apis\/cadastro-base-do-cidadao-cbc-cpf#:~:text=O%20Cadastro%20Base%20do%20Cidad%C3%A3o,federal%20direta%2C%20aut%C3%A1rquica%20e%20fundacional.\" target=\"_blank\" rel=\"noreferrer noopener\">Cadastro Base do Cidad\u00e3o (CBC)<\/a>.<\/p>\n\n\n\n<p>Al\u00e9m disso, o CCGD decide quais <strong>novos dados<\/strong> ser\u00e3o inclu\u00eddos no cadastro, qual \u00e9 a <strong>preval\u00eancia<\/strong> entre eles e a <strong>inclus\u00e3o de novas bases<\/strong>.<\/p>\n\n\n\n<p>Define ainda a\u00e7\u00f5es para apoiar os \u00f3rg\u00e3os da administra\u00e7\u00e3o p\u00fablica na <strong>integra\u00e7\u00e3o das opera\u00e7\u00f5es<\/strong> (interoperabilidade) e na <strong>implementa\u00e7\u00e3o dos requisitos<\/strong> da nova legisla\u00e7\u00e3o.<\/p>\n\n\n\n<p>Nesse sentido, a qualidade dos dados afeta diretamente as pol\u00edticas p\u00fablicas em v\u00e1rios aspectos, tais como <strong>precis\u00e3o e confiabilidade<\/strong>.<\/p>\n\n\n\n<p>Isso permite <strong>melhor resposta \u00e0s necessidades da popula\u00e7\u00e3o<\/strong> e o <strong>uso mais eficaz dos recursos<\/strong> <strong>p\u00fablicos<\/strong>.<\/p>\n\n\n\n<p>O que quero dizer \u00e9 que<strong> dados de alta qualidade<\/strong> s\u00e3o a base para decis\u00f5es s\u00f3lidas.<\/p>\n\n\n\n<p>Eles ajudam os formuladores de pol\u00edticas a entenderem as necessidades dos cidad\u00e3os, avaliarem os impactos das pol\u00edticas e ajustarem as abordagens conforme necess\u00e1rio para maximizar sua efic\u00e1cia.<\/p>\n\n\n\n<h3 class=\"wp-block-heading\" id=\"h-outro-ponto-importante-que-voce-mencionou-e-a-interoperabilidade-de-dados-pode-nos-explicar-sobre-isso\">Outro ponto importante que voc\u00ea mencionou \u00e9 a interoperabilidade de dados. Pode nos explicar sobre isso?<\/h3>\n\n\n\n<p>A interoperabilidade e o compartilhamento de dados na administra\u00e7\u00e3o p\u00fablica s\u00e3o cruciais para <strong>promover a colabora\u00e7\u00e3o<\/strong> eficiente entre diferentes entidades governamentais.<\/p>\n\n\n\n<p>Nesse sentido, se faz necess\u00e1ria a cria\u00e7\u00e3o dos <strong>padr\u00f5es de interoperabilidade<\/strong>.<\/p>\n\n\n\n<p>Esses padr\u00f5es <strong>habilitam a colabora\u00e7\u00e3o<\/strong> entre diferentes sistemas e entidades, melhorando a troca de informa\u00e7\u00f5es entre indiv\u00edduos, organiza\u00e7\u00f5es e sistemas de computa\u00e7\u00e3o.<\/p>\n\n\n\n<p>Para isso, o governo federal instituiu os Padr\u00f5es de Interoperabilidade de Governo Eletr\u00f4nico (<a href=\"https:\/\/eping.governoeletronico.gov.br\/#:~:text=A%20arquitetura%20ePING%20%E2%80%93%20Padr%C3%B5es%20de,Eletr%C3%B4nico%2C%20estabelecendo%20as%20condi%C3%A7%C3%B5es%20de\" target=\"_blank\" rel=\"noreferrer noopener\">ePING<\/a>).<\/p>\n\n\n\n<p>Eles definem um <strong>conjunto m\u00ednimo de premissas, pol\u00edticas e especifica\u00e7\u00f5es t\u00e9cnicas<\/strong> que regulamentam o uso da Tecnologia de Informa\u00e7\u00e3o e Comunica\u00e7\u00e3o (TIC) na interoperabilidade de servi\u00e7os de Governo Eletr\u00f4nico.<\/p>\n\n\n\n<p>O <strong>ePING<\/strong> estabelece as condi\u00e7\u00f5es de intera\u00e7\u00e3o com os demais Poderes e esferas de governo e com a sociedade em geral.<\/p>\n\n\n\n<p>A interoperabilidade, portanto, promove o <strong>compartilhamento, a reutiliza\u00e7\u00e3o e a troca de recursos tecnol\u00f3gicos<\/strong>.<\/p>\n\n\n\n<p>E isso oferece vantagens diretas para os cidad\u00e3os, como maior rapidez nos servi\u00e7os, assim como para o governo, porque assegura um atendimento mais \u00e1gil e seguro.<\/p>\n\n\n\n<p>Como exemplo de sucesso posso <strong>mencionar o uso do CPF<\/strong> por parte do cidad\u00e3o para acessar seus dados em diversos \u00f3rg\u00e3os, eliminando a necessidade de preencher repetidos formul\u00e1rios e <strong>diminuindo a incid\u00eancia de erros e fraudes<\/strong>.<\/p>\n\n\n\n<p>A ado\u00e7\u00e3o de pol\u00edticas de interoperabilidade e compartilhamento de dados resulta em significativos <strong>benef\u00edcios econ\u00f4micos<\/strong>.<\/p>\n\n\n\n<p>Esses benef\u00edcios incluem a economia de recursos e a gest\u00e3o dos servi\u00e7os p\u00fablicos mais direcionada, a\u00e7\u00f5es que conduzem a uma <strong>administra\u00e7\u00e3o c\u00e9lere<\/strong> e a uma <strong>diminui\u00e7\u00e3o da burocracia<\/strong>.<\/p>\n\n\n\n<h3 class=\"wp-block-heading\" id=\"h-e-quanto-aos-desafios-sei-que-existem-obstaculos-associados-a-qualidade-e-integracao-dos-dados-nos-sistemas-governamentais\">E quanto aos desafios? Sei que existem obst\u00e1culos associados \u00e0 qualidade e integra\u00e7\u00e3o dos dados nos sistemas governamentais.<\/h3>\n\n\n\n<p>Temos observado aqui na Niteo que os maiores entraves enfrentados por nossos clientes s\u00e3o a <strong>aus\u00eancia de padroniza\u00e7\u00e3o e metodologias claras<\/strong> para a gest\u00e3o da qualidade dos dados.<\/p>\n\n\n\n<p>Isso n\u00e3o \u00e9 diferente nem para as empresas privadas, nem para os \u00f3rg\u00e3os p\u00fablicos.<\/p>\n\n\n\n<p>Como consequ\u00eancia, esses entraves podem <strong>resultar em informa\u00e7\u00f5es incorretas<\/strong> que afetam a efic\u00e1cia das pol\u00edticas p\u00fablicas e a confian\u00e7a do p\u00fablico.<\/p>\n\n\n\n<p>Esses desafios destacam a necessidade urgente de uma <strong>abordagem sistem\u00e1tica e estruturada<\/strong> para a governan\u00e7a de dados.<\/p>\n\n\n\n<p>Essa abordagem n\u00e3o deve atender apenas aos requisitos de seguran\u00e7a e conformidade, como tamb\u00e9m deve promover a <strong>efici\u00eancia e a transpar\u00eancia<\/strong> nas opera\u00e7\u00f5es governamentais.<\/p>\n\n\n\n<h2 class=\"wp-block-heading\" id=\"h-sobre-as-dificuldades-mais-amplas-quais-sao-os-maiores-desafios-para-implementar-a-governanca-de-dados-no-setor-publico\">Sobre as dificuldades mais amplas, quais s\u00e3o os maiores desafios para implementar a governan\u00e7a de dados no setor p\u00fablico?<\/h2>\n\n\n\n<p>Pela minha experi\u00eancia posso dizer que o setor p\u00fablico \u00e9 <strong>caracterizado<\/strong> por uma <strong>rigidez significativa<\/strong> na ado\u00e7\u00e3o de novas tecnologias devido a estruturas burocr\u00e1ticas estabelecidas.<\/p>\n\n\n\n<p>Diferente do setor privado, que se ajusta rapidamente \u00e0s mudan\u00e7as tecnol\u00f3gicas, o setor p\u00fablico apresenta obst\u00e1culos substanciais <strong>devido \u00e0 sua natureza menos flex\u00edvel<\/strong>.<\/p>\n\n\n\n<p>Percebo tamb\u00e9m que outro desafio para a implementa\u00e7\u00e3o da governan\u00e7a de dados \u00e9 a <strong>resist\u00eancia cultural <\/strong>dentro das institui\u00e7\u00f5es, que <strong>favorecem pr\u00e1ticas tradicionais<\/strong> em detrimento de novas abordagens.<\/p>\n\n\n\n<p>Entendo com isso que a transforma\u00e7\u00e3o digital no setor p\u00fablico <strong>requer uma mudan\u00e7a cultural<\/strong> significativa.<\/p>\n\n\n\n<p>Programas de <strong>capacita\u00e7\u00e3o e adapta\u00e7\u00e3o<\/strong> devem ser implementados para ajudar os funcion\u00e1rios a compreenderem e adotarem novas tecnologias.<\/p>\n\n\n\n<p>Isso inclui treinamento n\u00e3o apenas em <strong>soft skills<\/strong>, como tamb\u00e9m em <a href=\"https:\/\/niteolearning.com\/blog\/o-que-sao-hard-skills-exemplos-e-como-desenvolver\/\" target=\"_blank\" rel=\"noreferrer noopener nofollow\">habilidades t\u00e9cnicas<\/a> que impulsionam novas maneiras de trabalhar com as tecnologias emergentes.<\/p>\n\n\n\n<p>Vou abordar essas dificuldades separadamente.<\/p>\n\n\n\n<h3 class=\"wp-block-heading\" id=\"h-limitacoes-tecnologicas\">Limita\u00e7\u00f5es tecnol\u00f3gicas<\/h3>\n\n\n\n<p>Em muitos casos, j\u00e1 observei que, as infraestruturas tecnol\u00f3gicas existentes no setor p\u00fablico <strong>n\u00e3o est\u00e3o adequadas para suportar<\/strong> as necessidades avan\u00e7adas de gest\u00e3o de dados.<\/p>\n\n\n\n<p>Essa infraestrutura defasada inclui:<\/p>\n\n\n\n<ul class=\"wp-block-list\">\n<li>sistemas legados incompat\u00edveis com novas tecnologias;<\/li>\n\n\n\n<li>falta de integra\u00e7\u00e3o entre diferentes plataformas de dados;<\/li>\n\n\n\n<li>e aus\u00eancia de ferramentas adequadas para a an\u00e1lise e seguran\u00e7a dos dados.<\/li>\n<\/ul>\n\n\n\n<p>Tais limita\u00e7\u00f5es <strong>impedem a capacidade do governo<\/strong> de coletar, processar, armazenar e analisar dados de maneira eficiente e em larga escala.<\/p>\n\n\n\n<h3 class=\"wp-block-heading\" id=\"h-falta-de-cultura-data-driven\">Falta de cultura data-driven<\/h3>\n\n\n\n<p>Muitas entidades governamentais ainda <strong>n\u00e3o adotam uma cultura orientada por dados<\/strong>.<\/p>\n\n\n\n<p>Isso se reflete na falta de pr\u00e1ticas estabelecidas para o uso sistem\u00e1tico de dados na tomada de decis\u00e3o.<\/p>\n\n\n\n<p>Al\u00e9m disso, pode haver <strong>falta de entendimento<\/strong> sobre o valor dos dados e como \u00e9 poss\u00edvel us\u00e1-los para melhorar os servi\u00e7os do governo e as pol\u00edticas p\u00fablicas.<\/p>\n\n\n\n<h3 class=\"wp-block-heading\" id=\"h-resistencia-as-mudancas\">Resist\u00eancia \u00e0s mudan\u00e7as<\/h3>\n\n\n\n<p>Por muitos anos vejo que a resist\u00eancia \u00e0s mudan\u00e7as \u00e9 um desafio comum em muitas organiza\u00e7\u00f5es privadas, e no setor p\u00fablico isso n\u00e3o \u00e9 diferente.<\/p>\n\n\n\n<p>Mudan\u00e7as nos processos de gest\u00e3o de dados muitas vezes <strong>exigem altera\u00e7\u00f5es significativas em procedimentos estabelecidos<\/strong> e podem enfrentar oposi\u00e7\u00e3o de funcion\u00e1rios que est\u00e3o confort\u00e1veis com os sistemas que usam.&nbsp;<\/p>\n\n\n\n<p>A resist\u00eancia, especialmente sobre o uso dos dados, tamb\u00e9m pode vir de preocupa\u00e7\u00f5es com a seguran\u00e7a e a privacidade.<\/p>\n\n\n\n<h3 class=\"wp-block-heading\" id=\"h-deficiencias-na-formacao-e-capacitacao\">Defici\u00eancias na forma\u00e7\u00e3o e capacita\u00e7\u00e3o<\/h3>\n\n\n\n<p>Tamb\u00e9m percebo que h\u00e1 uma <strong>necessidade cr\u00edtica de forma\u00e7\u00e3o e capacita\u00e7\u00e3o<\/strong> dos servidores p\u00fablicos em an\u00e1lise, seguran\u00e7a e gest\u00e3o de dados, assim como em tecnologias emergentes.<\/p>\n\n\n\n<p>Sem uma for\u00e7a de trabalho adequadamente treinada, ser\u00e1 desafiador implementar e manter pr\u00e1ticas eficazes de governan\u00e7a.<\/p>\n\n\n\n<p>Nesse sentido, a <a href=\"https:\/\/niteolearning.com\/\" target=\"_blank\" rel=\"noreferrer noopener nofollow\">Niteo Learning<\/a>, unidade de treinamentos corporativos da Niteo, pode ajudar as entidades governamentais a capacitar os servidores em tecnologias \u00e1geis e em Data &amp; Analytics.&nbsp;<\/p>\n\n\n\n<h3 class=\"wp-block-heading\" id=\"h-questoes-regulatorias-e-de-compliance\">Quest\u00f5es regulat\u00f3rias e de compliance<\/h3>\n\n\n\n<p>N\u00e3o posso deixar de mencionar tamb\u00e9m que as entidades governamentais precisam n\u00e3o apenas seguir as regulamenta\u00e7\u00f5es legais, como tamb\u00e9m garantir que suas pr\u00e1ticas de governan\u00e7a de dados sejam <strong>suficientemente flex\u00edveis<\/strong> para se adaptar \u00e0s novas exig\u00eancias regulat\u00f3rias.<\/p>\n\n\n\n<p>E isso \u00e9 outro desafio significativo.<\/p>\n\n\n\n<h3 class=\"wp-block-heading\" id=\"h-financiamento-e-recursos\">Financiamento e recursos<\/h3>\n\n\n\n<p>A implementa\u00e7\u00e3o de uma governan\u00e7a de dados eficaz muitas vezes requer investimentos altos em <strong>tecnologia, treinamento e desenvolvimento<\/strong> de pessoas.<\/p>\n\n\n\n<p>A <strong>aloca\u00e7\u00e3o de or\u00e7amento<\/strong> suficiente no setor p\u00fablico n\u00e3o \u00e9 algo simples, pois depende de v\u00e1rias inst\u00e2ncias.<\/p>\n\n\n\n<h2 class=\"wp-block-heading\" id=\"h-voce-pode-nos-sugerir-entao-estrategias-para-implementar-uma-governanca-de-dados-eficaz-no-setor-publico\">Voc\u00ea pode nos sugerir, ent\u00e3o, estrat\u00e9gias para implementar uma governan\u00e7a de dados eficaz no setor p\u00fablico?<\/h2>\n\n\n\n<p>Claro! A princ\u00edpio, proponho <strong>tr\u00eas iniciativas fundamentais<\/strong> para superar os desafios enfrentados na implementa\u00e7\u00e3o de pol\u00edticas e procedimentos de governan\u00e7a no setor p\u00fablico.<\/p>\n\n\n\n<h3 class=\"wp-block-heading\" id=\"h-investir-em-tecnologias-emergentes\">Investir em tecnologias emergentes<\/h3>\n\n\n\n<p>A primeira, \u00e9 <strong>adotar modelos mais sofisticados de intelig\u00eancia artificial e machine learning<\/strong> para ajudar em an\u00e1lises preditivas, acelerar ou automatizar processos e para facilitar a tomada de decis\u00e3o baseada em dados.<\/p>\n\n\n\n<p>Na Niteo, por exemplo, <strong>podemos desenvolver projetos de IA generativa<\/strong>, treinando-a para ler, interpretar e fornecer insights sobre uma vasta quantidade de dados em linguagem natural.<\/p>\n\n\n\n<p>Assim, ela ajuda os servidores a captar informa\u00e7\u00f5es que passariam despercebidas por eles.<\/p>\n\n\n\n<p>Hoje, a IA generativa tamb\u00e9m pode servir como uma <strong>assistente pessoal dos funcion\u00e1rios p\u00fablicos<\/strong>.<\/p>\n\n\n\n<p>Ela pode ser usada n\u00e3o s\u00f3 para <strong>gerar novos documentos<\/strong> baseados em modelos, redigir e-mails e contratos, como tamb\u00e9m para ajudar a <strong>encontrar informa\u00e7\u00f5es<\/strong> muito mais r\u00e1pido em grandes volumes de arquivos, resumir e traduzir relat\u00f3rios complexos, entre outras fun\u00e7\u00f5es incr\u00edveis.<\/p>\n\n\n\n<p>Esse investimento em tecnologias emergentes tamb\u00e9m inclui outros tipos de projetos que est\u00e3o embaixo do guarda-chuva de servi\u00e7os da Niteo.<\/p>\n\n\n\n<p>Por exemplo, a implementa\u00e7\u00e3o de <strong>sistemas que automatizam <\/strong>a coleta e a limpeza de dados, ou o desenvolvimento de algoritmos de aprendizado de m\u00e1quina que podem <strong>identificar padr\u00f5es e prever tend\u00eancias<\/strong> para informar pol\u00edticas p\u00fablicas.<\/p>\n\n\n\n<h4 class=\"wp-block-heading\" id=\"h-por-falar-nisso-a-tecnologia-pode-reduzir-muitos-gastos-no-setor-publico-nao-e\">Por falar nisso, a tecnologia pode reduzir muitos gastos no setor p\u00fablico, n\u00e3o \u00e9?<\/h4>\n\n\n\n<p>Sem d\u00favidas! O relat\u00f3rio <a href=\"https:\/\/repositorio.enap.gov.br\/bitstream\/1\/6313\/3\/Relat%C3%B3rio%203%20-%20Vers%C3%A3o%20Final.pdf\" target=\"_blank\" rel=\"noreferrer noopener\" class=\"broken_link\">Impacto da automa\u00e7\u00e3o no executivo federal no Brasil<\/a>, da Escola Nacional de Administra\u00e7\u00e3o P\u00fablica (Enap), aponta que no Brasil, <strong>at\u00e9 54% dos trabalhadores<\/strong> <strong>est\u00e3o exercendo ocupa\u00e7\u00f5es automatiz\u00e1veis<\/strong>.<\/p>\n\n\n\n<p>E ainda, no mesmo relat\u00f3rio, a Enap projeta que, no executivo federal, <strong>104,6 mil dos 521,7 mil<\/strong> servidores est\u00e3o em ocupa\u00e7\u00f5es com <strong>alta propens\u00e3o \u00e0 automa\u00e7\u00e3o<\/strong>, ou seja, 20,06%.<\/p>\n\n\n\n<p>Segundo o estudo, em termos da remunera\u00e7\u00e3o, em dezembro de 2017, os servidores em atividades de alta automa\u00e7\u00e3o <strong>representavam R$ 594,8 milh\u00f5es (11,5%) do total da massa<\/strong>.<\/p>\n\n\n\n<p>Ent\u00e3o, imagine quantos <strong>recursos podem ser realocados de forma mais estrat\u00e9gica<\/strong> com a economia promovida pela tecnologia!<\/p>\n\n\n\n<p>Seguindo a tend\u00eancia mundial de aumento do investimento governamental em TIC, o <a href=\"https:\/\/www.gov.br\/mcti\/pt-br\/acompanhe-o-mcti\/noticias\/2023\/11\/ministerio-da-ciencia-tecnologia-e-inovacao-realiza-investimento-inedito-em-projetos-do-pac\" target=\"_blank\" rel=\"noreferrer noopener\">Minist\u00e9rio da Ci\u00eancia, Tecnologia e Inova\u00e7\u00e3o<\/a>, em 2023, ao menos deu um passo adiante e destinou cerca de R$ 1,2 bilh\u00e3o do Fundo Nacional de Desenvolvimento Cient\u00edfico e Tecnol\u00f3gico em projetos estruturantes.<\/p>\n\n\n\n<h3 class=\"wp-block-heading\" id=\"h-capacitar-os-profissionais\">Capacitar os profissionais<\/h3>\n\n\n\n<p>T\u00e3o essencial quanto investir em novas tecnologias \u00e9 promover <strong>programas de capacita\u00e7\u00e3o continuada<\/strong> para os funcion\u00e1rios p\u00fablicos, focados em an\u00e1lise e governan\u00e7a de dados, automatiza\u00e7\u00e3o de processos e seguran\u00e7a da informa\u00e7\u00e3o.<\/p>\n\n\n\n<p>Encorajar e subsidiar certifica\u00e7\u00f5es profissionais em \u00e1reas relevantes como ci\u00eancia de dados, seguran\u00e7a de dados e an\u00e1lise de sistemas \u00e9 o que <strong>elevar\u00e1 o n\u00edvel de especializa\u00e7\u00e3o <\/strong>dos servidores e, por consequ\u00eancia,<strong> a aceita\u00e7\u00e3o de novos modelos de trabalho<\/strong>.<\/p>\n\n\n\n<h3 class=\"wp-block-heading\" id=\"h-buscar-apoio-em-parcerias-especializadas\">Buscar apoio em parcerias especializadas<\/h3>\n\n\n\n<p>Estabelecer <strong>parcerias com empresas especializadas<\/strong> em Data &amp; Analytics, Intelig\u00eancia Artificial e <a href=\"\/blog\/conceitos-da-infraestrutura-de-ti-moderna\/\" target=\"_blank\" rel=\"noreferrer noopener\">infraestruturas tecnol\u00f3gicas modernas<\/a>, <strong>como a Niteo<\/strong> <strong>Technologies<\/strong>, ajuda os \u00f3rg\u00e3os p\u00fablicos a obter suporte externo no desenvolvimento e na implementa\u00e7\u00e3o de projetos sob medida.<\/p>\n\n\n\n<p>Empresas especializadas, como n\u00f3s, possuem conhecimento profundo de:<\/p>\n\n\n\n<ul class=\"wp-block-list\">\n<li>tecnologias avan\u00e7adas;<\/li>\n\n\n\n<li>t\u00e9cnicas de processamento e an\u00e1lise de dados;<\/li>\n\n\n\n<li>e melhores pr\u00e1ticas de governan\u00e7a que podem ser transferidas para o setor p\u00fablico.<\/li>\n<\/ul>\n\n\n\n<p>Minha certeza \u00e9 de que a transfer\u00eancia de conhecimento pode acelerar a <strong>moderniza\u00e7\u00e3o dos sistemas de dados governamentais<\/strong>.<\/p>\n\n\n\n<p><strong>Desenvolver um projeto personalizado<\/strong> que se adapte \u00e0s necessidades espec\u00edficas dessas ag\u00eancias \u00e9 fundamental para superar desafios \u00fanicos do setor.<\/p>\n\n\n\n<h2 class=\"wp-block-heading\" id=\"h-voce-poderia-mencionar-um-caso-de-sucesso-de-modernizacao-no-servico-publico\">Voc\u00ea poderia mencionar um caso de sucesso de moderniza\u00e7\u00e3o no servi\u00e7o p\u00fablico?<\/h2>\n\n\n\n<p>Sim! Posso mencionar a implementa\u00e7\u00e3o do <strong>Processo Judicial Eletr\u00f4nico (PJe)<\/strong> no judici\u00e1rio brasileiro como um exemplo de grande sucesso da moderniza\u00e7\u00e3o dos servi\u00e7os p\u00fablicos por meio da tecnologia.<\/p>\n\n\n\n<p>Anualmente, o <a href=\"https:\/\/justica-em-numeros.cnj.jus.br\/painel-estatisticas\/\" target=\"_blank\" rel=\"noreferrer noopener\">n\u00famero de novos processos<\/a> tramitando no judici\u00e1rio brasileiro <strong>ultrapassa 1,8 milh\u00f5es de casos<\/strong>.<\/p>\n\n\n\n<p>Frente ao grande volume de processos e ao seu crescimento anual, em setembro de 2009, o judici\u00e1rio iniciou o <a href=\"https:\/\/www.jusbrasil.com.br\/artigos\/a-implantacao-do-processo-judicial-eletronico-no-brasil-impactos-no-judiciario-e-reflexoes-sobre-sua-efetividade\/1918090484\" target=\"_blank\" rel=\"noreferrer noopener\">projeto de implementa\u00e7\u00e3o do PJe<\/a>.<\/p>\n\n\n\n<p>Esse projeto contou com a coordena\u00e7\u00e3o do Conselho Nacional de Justi\u00e7a (CNJ) em parceria com os Tribunais Regionais Federais e o Conselho da Justi\u00e7a Federal.&nbsp;<\/p>\n\n\n\n<p>&nbsp;O PJe foi projetado para <strong>integrar diferentes tribunais e inst\u00e2ncias<\/strong>, assegurando uma plataforma unificada que permite a tramita\u00e7\u00e3o eletr\u00f4nica de processos.<\/p>\n\n\n\n<p>Essa implementa\u00e7\u00e3o ocorreu de forma gradativa, enfrentando desafios iniciais de resist\u00eancia por parte de alguns profissionais e de adapta\u00e7\u00e3o \u00e0s novas tecnologias.<\/p>\n\n\n\n<p>A implementa\u00e7\u00e3o do PJe incluiu praticamente todos os tribunais brasileiros ao longo dos anos, como regi\u00f5es de dif\u00edcil acesso.<\/p>\n\n\n\n<p>A iniciativa teve um impacto muito positivo na <strong>agilidade, na efici\u00eancia e na seguran\u00e7a da tramita\u00e7\u00e3o processual<\/strong>.<\/p>\n\n\n\n<h3 class=\"wp-block-heading\" id=\"h-ha-estudos-que-comprovam-os-beneficios-da-digitalizacao-do-judiciario\">H\u00e1 estudos que comprovam os benef\u00edcios da digitaliza\u00e7\u00e3o do judici\u00e1rio?<\/h3>\n\n\n\n<p>Indico o estudo realizado pela <a href=\"https:\/\/www.cnj.jus.br\/wp-content\/uploads\/2018\/01\/8fca1c5a0d1bac23a1d549c6f590cfce.pdf\" target=\"_blank\" rel=\"noreferrer noopener\">Funda\u00e7\u00e3o Get\u00falio Vargas (FGV),<\/a> o qual destacou que <strong>processos no sistema eletr\u00f4nico possuem uma tramita\u00e7\u00e3o mais r\u00e1pida <\/strong>quando comparados aos processos f\u00edsicos.<\/p>\n\n\n\n<p><strong>Menos de 25% dos processos eletr\u00f4nicos<\/strong> ultrapassam quatro anos sem andamento processual, enquanto mais de 50% dos processos f\u00edsicos ultrapassavam esse per\u00edodo.<\/p>\n\n\n\n<p>E ainda, conforme dados do <a href=\"https:\/\/www.cnj.jus.br\/wp-content\/uploads\/2024\/02\/justica-em-numeros-2023-16022024.pdf\" target=\"_blank\" rel=\"noreferrer noopener\">Relat\u00f3rio Justi\u00e7a em N\u00famero do CNJ<\/a>, publicado em janeiro de 2024, o tempo m\u00e9dio entre o in\u00edcio do processo e o primeiro julgamento para o processo eletr\u00f4nico \u00e9 de 976 dias, contra 4.882 dias para processos f\u00edsicos.<\/p>\n\n\n\n<p>Ou seja, uma <strong>diminui\u00e7\u00e3o de 80% do tempo<\/strong>.<\/p>\n\n\n\n<p>Os n\u00fameros evidenciam que a digitaliza\u00e7\u00e3o do judici\u00e1rio reduziu significativamente o tempo de tramita\u00e7\u00e3o dos processos porque <strong>eliminou a necessidade<\/strong> de manuseio f\u00edsico e transporte de documentos.<\/p>\n\n\n\n<p>Para alcan\u00e7ar esses resultados, ressalto que houve um <strong>aumento do investimento do judici\u00e1rio<\/strong> em tecnologia, visando a melhoria dos servi\u00e7os oferecidos.<\/p>\n\n\n\n<p>Conforme dados do Relat\u00f3rio Justi\u00e7a em N\u00famero que mencionei antes, a despesa para TIC no Judici\u00e1rio, em 2009, foi de R$ 1.381.359.908 e correspondia a <strong>17,4% da despesa total<\/strong>.<\/p>\n\n\n\n<p>J\u00e1 em 2023, essa despesa foi de R$ 3.157.542.741 e correspondeu a 27,7% da despesa total.&nbsp;<\/p>\n\n\n\n<h3 class=\"wp-block-heading\" id=\"h-quais-foram-os-principais-resultados-da-implementacao-do-processo-judicial-eletronico\">Quais foram os principais resultados da implementa\u00e7\u00e3o do Processo Judicial eletr\u00f4nico?<\/h3>\n\n\n\n<p>A ado\u00e7\u00e3o do Processo Judicial Eletr\u00f4nico (PJe) resultou em economia significativa para o judici\u00e1rio:<\/p>\n\n\n\n<ul class=\"wp-block-list\">\n<li>Eliminou a necessidade de impress\u00e3o de documentos.<\/li>\n\n\n\n<li>Reduziu as despesas com espa\u00e7o f\u00edsico para arquivamento de processos.<\/li>\n\n\n\n<li>Diminuiu despesas com transporte dos processos entre as unidades do judici\u00e1rio.<\/li>\n<\/ul>\n\n\n\n<p>Esses dados confirmam o sucesso e a ampla aceita\u00e7\u00e3o do PJe em diversas inst\u00e2ncias do judici\u00e1rio brasileiro, refletindo em ganhos de efici\u00eancia para o sistema judicial do pa\u00eds.<\/p>\n\n\n\n<p>De forma mais ampla, os tr\u00eas principais resultados do PJe foram:<\/p>\n\n\n\n<ol class=\"wp-block-list\">\n<li><strong>A expans\u00e3o acelerada<\/strong>: desde sua implanta\u00e7\u00e3o, o PJe expandiu rapidamente e hoje est\u00e1 presente na maioria das comarcas e tribunais do pa\u00eds. Em algumas inst\u00e2ncias, como na Justi\u00e7a do Trabalho, a ado\u00e7\u00e3o \u00e9 quase universal.<\/li>\n\n\n\n<li><strong>Melhoria na produtividade<\/strong>: tribunais que adotaram o PJe reportaram melhorias significativas na produtividade e na gest\u00e3o dos processos. Estudos, como os publicados pelo CNJ, indicam uma acelera\u00e7\u00e3o na conclus\u00e3o dos casos e um aumento geral na efici\u00eancia.<\/li>\n\n\n\n<li><strong>Impacto ambiental positivo<\/strong>: a redu\u00e7\u00e3o do uso de papel e de combust\u00edvel para transporte contribuiu para um impacto ambiental positivo, alinhando o judici\u00e1rio com pr\u00e1ticas mais sustent\u00e1veis.<\/li>\n<\/ol>\n\n\n\n<p>Resumindo, com todos os estudos e dados que eu trouxe aqui, posso afirmar que a implementa\u00e7\u00e3o do Processo Judicial Eletr\u00f4nico no judici\u00e1rio brasileiro transformou como a justi\u00e7a \u00e9 administrada, proporcionando benef\u00edcios em termos de efici\u00eancia, <strong>custo, seguran\u00e7a e acesso<\/strong>.<\/p>\n\n\n\n<p>Embora ainda haja desafios a serem superados,<strong> especialmente relacionados \u00e0 necessidade de treinamento e adapta\u00e7\u00e3o<\/strong> dos usu\u00e1rios ao novo sistema, para mim, os resultados positivos s\u00e3o evidentes e promissores para a continuidade da moderniza\u00e7\u00e3o judicial.<\/p>\n\n\n\n<h2 class=\"wp-block-heading\" id=\"h-para-finalizar-qual-a-sua-conclusao-sobre-governanca-de-dados-no-setor-publico\">Para finalizar, qual a sua conclus\u00e3o sobre governan\u00e7a de dados no setor p\u00fablico?<\/h2>\n\n\n\n<p>Minha percep\u00e7\u00e3o, e acredito que a de todos que acompanharam este nosso bate-papo, \u00e9 que a governan\u00e7a de dados no setor p\u00fablico \u00e9 um pilar para a <strong>moderniza\u00e7\u00e3o e transforma\u00e7\u00e3o eficaz<\/strong> da administra\u00e7\u00e3o p\u00fablica.<\/p>\n\n\n\n<p>A implementa\u00e7\u00e3o e o aprimoramento cont\u00ednuo dessa governan\u00e7a n\u00e3o apenas facilitam a transi\u00e7\u00e3o para <strong>servi\u00e7os digitais mais \u00e1geis e integrados<\/strong>, como tamb\u00e9m fortalecem a <strong>confian\u00e7a dos cidad\u00e3os<\/strong>.<\/p>\n\n\n\n<p>Tenho certeza de que, com uma gest\u00e3o de dados robusta e transparente, o setor p\u00fablico pode garantir maior <strong>precis\u00e3o e confiabilidade das informa\u00e7\u00f5es<\/strong>, o que \u00e9 crucial para a formula\u00e7\u00e3o e implementa\u00e7\u00e3o de pol\u00edticas p\u00fablicas efetivas.<\/p>\n\n\n\n<p>Portanto, \u00e9 essencial que os l\u00edderes no espa\u00e7o governamental <strong>assumam a responsabilidade<\/strong> de investir em tecnologia e implementem pr\u00e1ticas robustas e modernas.<\/p>\n\n\n\n<p>A longo prazo, essas pr\u00e1ticas promovem uma <strong>administra\u00e7\u00e3o mais eficiente e responsiva<\/strong>, capaz de <strong>responder dinamicamente<\/strong> \u00e0s necessidades dos cidad\u00e3os e de se adaptar \u00e0s mudan\u00e7as tecnol\u00f3gicas e regulat\u00f3rias.<\/p>\n\n\n\n<p>Agora, <strong>deixamos aqui um recado<\/strong> ao nosso leitor:<\/p>\n\n\n\n<p>A <strong>Niteo Technologies \u00e9 especialista<\/strong> em estrat\u00e9gias de dados e em projetos de infraestrutura e Intelig\u00eancia Artificial.<\/p>\n\n\n\n<p>Convidamos voc\u00ea, ent\u00e3o, a conhecer nosso <strong>framework de pr\u00e1ticas e servi\u00e7os dedicados \u00e0 governan\u00e7a de dados<\/strong>, em que empregamos tecnologia avan\u00e7ada e estrat\u00e9gias personalizadas para suas necessidades organizacionais: <a href=\"https:\/\/niteo.com.br\/data-analytics\/data-governance\/\" target=\"_blank\" rel=\"noreferrer noopener\">Niteo Data Governance<\/a>.<\/p>\n\n\n\n<p>Esperamos que esta conversa tenha sido esclarecedora e que voc\u00ea tenha gostado deste conte\u00fado!<\/p>\n\n\n\n<p>At\u00e9 breve.<\/p>\n\n\n<section class=\"l-section wpb_row height_auto width_full\"><div class=\"l-section-h i-cf\"><div class=\"g-cols vc_row via_grid cols_1 laptops-cols_inherit tablets-cols_inherit mobiles-cols_1 valign_top type_default stacking_default\" style=\"--gap:0rem;\"><div class=\"wpb_column vc_column_container\"><div class=\"vc_column-inner\"><div class=\"w-separator size_small\"><\/div><div class=\"w-hwrapper valign_bottom align_none\" style=\"--hwrapper-gap:1rem\"><div class=\"w-image us_custom_d7270333 has_ratio align_none\"><a target=\"_blank\" href=\"https:\/\/www.linkedin.com\/in\/jeffersontolentino\/\" aria-label=\"efferson Tolentino, Chief Sales Officer (CSO) na Niteo\" class=\"w-image-h\"><div style=\"padding-bottom:100%\"><\/div><img decoding=\"async\" width=\"100\" height=\"100\" src=\"https:\/\/niteo.com.br\/blog\/wp-content\/uploads\/2023\/12\/jefferson-tolentino.jpg\" class=\"attachment-full size-full\" alt=\"Foto de Jefferson Tolentino, Chief Sales Officer (CSO) na Niteo\" loading=\"lazy\" srcset=\"https:\/\/niteo.com.br\/blog\/wp-content\/uploads\/2023\/12\/jefferson-tolentino.jpg 100w, https:\/\/niteo.com.br\/blog\/wp-content\/uploads\/2023\/12\/jefferson-tolentino-60x60.jpg 60w\" sizes=\"auto, (max-width: 100px) 100vw, 100px\" \/><\/a><\/div><div class=\"w-vwrapper align_none valign_top\"><p class=\"w-text us_custom_ee92cd40\"><span class=\"w-text-h\"><span class=\"w-text-value\">Jefferson Tolentino<\/span><\/span><\/p><p class=\"w-text us_custom_4978f3fe\"><span target=\"_blank\" class=\"w-text-h\"><span class=\"w-text-value\">Chief Sales Officer na Niteo<\/span><\/span><\/p><div class=\"w-iconbox us_custom_0741ea35 nh-blog-link-clear iconpos_left style_default color_custom align_left no_text no_title\"><a target=\"_blank\" href=\"https:\/\/www.linkedin.com\/in\/jeffersontolentino\/\" class=\"w-iconbox-link\" aria-label=\"fab|linkedin\"><div class=\"w-iconbox-icon\" style=\"font-size:1.3rem;--icon-color:#0e76a8;\"><i class=\"fab fa-linkedin\"><\/i><\/div><\/a><div class=\"w-iconbox-meta\"><\/div><\/div><\/div><\/div><\/div><\/div><\/div><\/div><\/section>\n\n","protected":false},"excerpt":{"rendered":"<p>A governan\u00e7a de dados no setor p\u00fablico \u00e9 essencial para melhorar a efici\u00eancia operacional e a transpar\u00eancia aos cidad\u00e3os, al\u00e9m de refletir tend\u00eancias globais de digitaliza\u00e7\u00e3o e automa\u00e7\u00e3o nos governos.<\/p>\n","protected":false},"author":6,"featured_media":23588,"comment_status":"open","ping_status":"open","sticky":false,"template":"","format":"standard","meta":{"footnotes":""},"categories":[6,26],"tags":[],"class_list":["post-23586","post","type-post","status-publish","format-standard","has-post-thumbnail","hentry","category-data-e-analytics","category-governanca-de-dados"],"yoast_head":"<!-- This site is optimized with the Yoast SEO Premium plugin v27.3 (Yoast SEO v27.4) - https:\/\/yoast.com\/product\/yoast-seo-premium-wordpress\/ -->\n<title>Governan\u00e7a de dados no setor p\u00fablico: estrat\u00e9gias essenciais<\/title>\n<meta name=\"description\" content=\"Vem descobrir como desenvolver uma estrat\u00e9gia de governan\u00e7a de dados no setor p\u00fablico, alinhada \u00e0s principais regulamenta\u00e7\u00f5es!\" \/>\n<meta name=\"robots\" content=\"index, follow, max-snippet:-1, max-image-preview:large, max-video-preview:-1\" \/>\n<link rel=\"canonical\" href=\"https:\/\/niteo.com.br\/blog\/governanca-de-dados-no-setor-publico\/\" \/>\n<meta property=\"og:locale\" content=\"pt_BR\" \/>\n<meta property=\"og:type\" content=\"article\" \/>\n<meta property=\"og:title\" content=\"Estrat\u00e9gias de governan\u00e7a de dados no setor p\u00fablico para potencializar a efici\u00eancia e a transpar\u00eancia\" \/>\n<meta property=\"og:description\" content=\"Vem descobrir como desenvolver uma estrat\u00e9gia de governan\u00e7a de dados no setor p\u00fablico, alinhada \u00e0s principais regulamenta\u00e7\u00f5es!\" \/>\n<meta property=\"og:url\" content=\"https:\/\/niteo.com.br\/blog\/governanca-de-dados-no-setor-publico\/\" \/>\n<meta property=\"og:site_name\" content=\"Blog Niteo\" \/>\n<meta property=\"article:publisher\" content=\"https:\/\/www.facebook.com\/niteo.br\" \/>\n<meta property=\"article:published_time\" content=\"2024-08-09T16:53:11+00:00\" \/>\n<meta property=\"article:modified_time\" content=\"2024-12-10T14:11:04+00:00\" \/>\n<meta property=\"og:image\" content=\"https:\/\/niteo.com.br\/blog\/wp-content\/uploads\/2024\/08\/data-governance-1.jpg\" \/>\n\t<meta property=\"og:image:width\" content=\"1200\" \/>\n\t<meta property=\"og:image:height\" content=\"628\" \/>\n\t<meta property=\"og:image:type\" content=\"image\/jpeg\" \/>\n<meta name=\"author\" content=\"Jefferson Tolentino\" \/>\n<meta name=\"twitter:card\" content=\"summary_large_image\" \/>\n<meta name=\"twitter:label1\" content=\"Escrito por\" \/>\n\t<meta name=\"twitter:data1\" content=\"Jefferson Tolentino\" \/>\n\t<meta name=\"twitter:label2\" content=\"Est. tempo de leitura\" \/>\n\t<meta name=\"twitter:data2\" content=\"23 minutos\" \/>\n<script type=\"application\/ld+json\" class=\"yoast-schema-graph\">{\"@context\":\"https:\\\/\\\/schema.org\",\"@graph\":[{\"@type\":\"Article\",\"@id\":\"https:\\\/\\\/niteo.com.br\\\/blog\\\/governanca-de-dados-no-setor-publico\\\/#article\",\"isPartOf\":{\"@id\":\"https:\\\/\\\/niteo.com.br\\\/blog\\\/governanca-de-dados-no-setor-publico\\\/\"},\"author\":{\"name\":\"Jefferson Tolentino\",\"@id\":\"https:\\\/\\\/niteo.com.br\\\/blog\\\/#\\\/schema\\\/person\\\/9e1293f00f5a1a8a3b4d49f30e75d353\"},\"headline\":\"Estrat\u00e9gias de governan\u00e7a de dados no setor p\u00fablico para potencializar a efici\u00eancia e a transpar\u00eancia\",\"datePublished\":\"2024-08-09T16:53:11+00:00\",\"dateModified\":\"2024-12-10T14:11:04+00:00\",\"mainEntityOfPage\":{\"@id\":\"https:\\\/\\\/niteo.com.br\\\/blog\\\/governanca-de-dados-no-setor-publico\\\/\"},\"wordCount\":4682,\"commentCount\":0,\"publisher\":{\"@id\":\"https:\\\/\\\/niteo.com.br\\\/blog\\\/#organization\"},\"image\":{\"@id\":\"https:\\\/\\\/niteo.com.br\\\/blog\\\/governanca-de-dados-no-setor-publico\\\/#primaryimage\"},\"thumbnailUrl\":\"https:\\\/\\\/niteo.com.br\\\/blog\\\/wp-content\\\/uploads\\\/2024\\\/08\\\/data-governance-1.jpg\",\"articleSection\":[\"Data &amp; Analytics\",\"Governan\u00e7a de dados\"],\"inLanguage\":\"pt-BR\",\"potentialAction\":[{\"@type\":\"CommentAction\",\"name\":\"Comment\",\"target\":[\"https:\\\/\\\/niteo.com.br\\\/blog\\\/governanca-de-dados-no-setor-publico\\\/#respond\"]}],\"accessibilityFeature\":[\"tableOfContents\"]},{\"@type\":\"WebPage\",\"@id\":\"https:\\\/\\\/niteo.com.br\\\/blog\\\/governanca-de-dados-no-setor-publico\\\/\",\"url\":\"https:\\\/\\\/niteo.com.br\\\/blog\\\/governanca-de-dados-no-setor-publico\\\/\",\"name\":\"Governan\u00e7a de dados no setor p\u00fablico: estrat\u00e9gias essenciais\",\"isPartOf\":{\"@id\":\"https:\\\/\\\/niteo.com.br\\\/blog\\\/#website\"},\"primaryImageOfPage\":{\"@id\":\"https:\\\/\\\/niteo.com.br\\\/blog\\\/governanca-de-dados-no-setor-publico\\\/#primaryimage\"},\"image\":{\"@id\":\"https:\\\/\\\/niteo.com.br\\\/blog\\\/governanca-de-dados-no-setor-publico\\\/#primaryimage\"},\"thumbnailUrl\":\"https:\\\/\\\/niteo.com.br\\\/blog\\\/wp-content\\\/uploads\\\/2024\\\/08\\\/data-governance-1.jpg\",\"datePublished\":\"2024-08-09T16:53:11+00:00\",\"dateModified\":\"2024-12-10T14:11:04+00:00\",\"description\":\"Vem descobrir como desenvolver uma estrat\u00e9gia de governan\u00e7a de dados no setor p\u00fablico, alinhada \u00e0s principais regulamenta\u00e7\u00f5es!\",\"breadcrumb\":{\"@id\":\"https:\\\/\\\/niteo.com.br\\\/blog\\\/governanca-de-dados-no-setor-publico\\\/#breadcrumb\"},\"inLanguage\":\"pt-BR\",\"potentialAction\":[{\"@type\":\"ReadAction\",\"target\":[\"https:\\\/\\\/niteo.com.br\\\/blog\\\/governanca-de-dados-no-setor-publico\\\/\"]}]},{\"@type\":\"ImageObject\",\"inLanguage\":\"pt-BR\",\"@id\":\"https:\\\/\\\/niteo.com.br\\\/blog\\\/governanca-de-dados-no-setor-publico\\\/#primaryimage\",\"url\":\"https:\\\/\\\/niteo.com.br\\\/blog\\\/wp-content\\\/uploads\\\/2024\\\/08\\\/data-governance-1.jpg\",\"contentUrl\":\"https:\\\/\\\/niteo.com.br\\\/blog\\\/wp-content\\\/uploads\\\/2024\\\/08\\\/data-governance-1.jpg\",\"width\":1200,\"height\":628,\"caption\":\"Governan\u00e7a de dados no setor p\u00fablico. Estrat\u00e9gias para um governo eficiente e transparente.\"},{\"@type\":\"BreadcrumbList\",\"@id\":\"https:\\\/\\\/niteo.com.br\\\/blog\\\/governanca-de-dados-no-setor-publico\\\/#breadcrumb\",\"itemListElement\":[{\"@type\":\"ListItem\",\"position\":1,\"name\":\"Home\",\"item\":\"https:\\\/\\\/niteo.com.br\\\/blog\\\/\"},{\"@type\":\"ListItem\",\"position\":2,\"name\":\"Estrat\u00e9gias de governan\u00e7a de dados no setor p\u00fablico para potencializar a efici\u00eancia e a transpar\u00eancia\"}]},{\"@type\":\"WebSite\",\"@id\":\"https:\\\/\\\/niteo.com.br\\\/blog\\\/#website\",\"url\":\"https:\\\/\\\/niteo.com.br\\\/blog\\\/\",\"name\":\"Blog Niteo\",\"description\":\"Insights sobre Data &amp; Analytics, AI e Tecnologias \u00c1geis para empresas monetizarem seus dados\",\"publisher\":{\"@id\":\"https:\\\/\\\/niteo.com.br\\\/blog\\\/#organization\"},\"potentialAction\":[{\"@type\":\"SearchAction\",\"target\":{\"@type\":\"EntryPoint\",\"urlTemplate\":\"https:\\\/\\\/niteo.com.br\\\/blog\\\/?s={search_term_string}\"},\"query-input\":{\"@type\":\"PropertyValueSpecification\",\"valueRequired\":true,\"valueName\":\"search_term_string\"}}],\"inLanguage\":\"pt-BR\"},{\"@type\":\"Organization\",\"@id\":\"https:\\\/\\\/niteo.com.br\\\/blog\\\/#organization\",\"name\":\"Niteo Technologies\",\"alternateName\":\"Niteo\",\"url\":\"https:\\\/\\\/niteo.com.br\\\/blog\\\/\",\"logo\":{\"@type\":\"ImageObject\",\"inLanguage\":\"pt-BR\",\"@id\":\"https:\\\/\\\/niteo.com.br\\\/blog\\\/#\\\/schema\\\/logo\\\/image\\\/\",\"url\":\"https:\\\/\\\/niteo.com.br\\\/blog\\\/wp-content\\\/uploads\\\/2023\\\/12\\\/logo-niteo-box-696x696-1.png\",\"contentUrl\":\"https:\\\/\\\/niteo.com.br\\\/blog\\\/wp-content\\\/uploads\\\/2023\\\/12\\\/logo-niteo-box-696x696-1.png\",\"width\":696,\"height\":696,\"caption\":\"Niteo Technologies\"},\"image\":{\"@id\":\"https:\\\/\\\/niteo.com.br\\\/blog\\\/#\\\/schema\\\/logo\\\/image\\\/\"},\"sameAs\":[\"https:\\\/\\\/www.facebook.com\\\/niteo.br\",\"https:\\\/\\\/www.linkedin.com\\\/company\\\/658686\",\"https:\\\/\\\/www.instagram.com\\\/niteo.br\\\/\",\"https:\\\/\\\/www.youtube.com\\\/@NiteoBrasil\"],\"publishingPrinciples\":\"https:\\\/\\\/niteo.com.br\\\/blog\\\/politica-de-privacidade\\\/\",\"ethicsPolicy\":\"https:\\\/\\\/niteo.com.br\\\/blog\\\/politica-de-privacidade\\\/\"},{\"@type\":\"Person\",\"@id\":\"https:\\\/\\\/niteo.com.br\\\/blog\\\/#\\\/schema\\\/person\\\/9e1293f00f5a1a8a3b4d49f30e75d353\",\"name\":\"Jefferson Tolentino\",\"image\":{\"@type\":\"ImageObject\",\"inLanguage\":\"pt-BR\",\"@id\":\"https:\\\/\\\/secure.gravatar.com\\\/avatar\\\/77d4cd21e4162c31f808ea0ef6a3d7b1060aae1e2454ad655ff8ea6e7a959afd?s=96&d=mm&r=g\",\"url\":\"https:\\\/\\\/secure.gravatar.com\\\/avatar\\\/77d4cd21e4162c31f808ea0ef6a3d7b1060aae1e2454ad655ff8ea6e7a959afd?s=96&d=mm&r=g\",\"contentUrl\":\"https:\\\/\\\/secure.gravatar.com\\\/avatar\\\/77d4cd21e4162c31f808ea0ef6a3d7b1060aae1e2454ad655ff8ea6e7a959afd?s=96&d=mm&r=g\",\"caption\":\"Jefferson Tolentino\"},\"sameAs\":[\"https:\\\/\\\/www.linkedin.com\\\/in\\\/jeffersontolentino\\\/\"]}]}<\/script>\n<!-- \/ Yoast SEO Premium plugin. -->","yoast_head_json":{"title":"Governan\u00e7a de dados no setor p\u00fablico: estrat\u00e9gias essenciais","description":"Vem descobrir como desenvolver uma estrat\u00e9gia de governan\u00e7a de dados no setor p\u00fablico, alinhada \u00e0s principais regulamenta\u00e7\u00f5es!","robots":{"index":"index","follow":"follow","max-snippet":"max-snippet:-1","max-image-preview":"max-image-preview:large","max-video-preview":"max-video-preview:-1"},"canonical":"https:\/\/niteo.com.br\/blog\/governanca-de-dados-no-setor-publico\/","og_locale":"pt_BR","og_type":"article","og_title":"Estrat\u00e9gias de governan\u00e7a de dados no setor p\u00fablico para potencializar a efici\u00eancia e a transpar\u00eancia","og_description":"Vem descobrir como desenvolver uma estrat\u00e9gia de governan\u00e7a de dados no setor p\u00fablico, alinhada \u00e0s principais regulamenta\u00e7\u00f5es!","og_url":"https:\/\/niteo.com.br\/blog\/governanca-de-dados-no-setor-publico\/","og_site_name":"Blog Niteo","article_publisher":"https:\/\/www.facebook.com\/niteo.br","article_published_time":"2024-08-09T16:53:11+00:00","article_modified_time":"2024-12-10T14:11:04+00:00","og_image":[{"width":1200,"height":628,"url":"https:\/\/niteo.com.br\/blog\/wp-content\/uploads\/2024\/08\/data-governance-1.jpg","type":"image\/jpeg"}],"author":"Jefferson Tolentino","twitter_card":"summary_large_image","twitter_misc":{"Escrito por":"Jefferson Tolentino","Est. tempo de leitura":"23 minutos"},"schema":{"@context":"https:\/\/schema.org","@graph":[{"@type":"Article","@id":"https:\/\/niteo.com.br\/blog\/governanca-de-dados-no-setor-publico\/#article","isPartOf":{"@id":"https:\/\/niteo.com.br\/blog\/governanca-de-dados-no-setor-publico\/"},"author":{"name":"Jefferson Tolentino","@id":"https:\/\/niteo.com.br\/blog\/#\/schema\/person\/9e1293f00f5a1a8a3b4d49f30e75d353"},"headline":"Estrat\u00e9gias de governan\u00e7a de dados no setor p\u00fablico para potencializar a efici\u00eancia e a transpar\u00eancia","datePublished":"2024-08-09T16:53:11+00:00","dateModified":"2024-12-10T14:11:04+00:00","mainEntityOfPage":{"@id":"https:\/\/niteo.com.br\/blog\/governanca-de-dados-no-setor-publico\/"},"wordCount":4682,"commentCount":0,"publisher":{"@id":"https:\/\/niteo.com.br\/blog\/#organization"},"image":{"@id":"https:\/\/niteo.com.br\/blog\/governanca-de-dados-no-setor-publico\/#primaryimage"},"thumbnailUrl":"https:\/\/niteo.com.br\/blog\/wp-content\/uploads\/2024\/08\/data-governance-1.jpg","articleSection":["Data &amp; Analytics","Governan\u00e7a de dados"],"inLanguage":"pt-BR","potentialAction":[{"@type":"CommentAction","name":"Comment","target":["https:\/\/niteo.com.br\/blog\/governanca-de-dados-no-setor-publico\/#respond"]}],"accessibilityFeature":["tableOfContents"]},{"@type":"WebPage","@id":"https:\/\/niteo.com.br\/blog\/governanca-de-dados-no-setor-publico\/","url":"https:\/\/niteo.com.br\/blog\/governanca-de-dados-no-setor-publico\/","name":"Governan\u00e7a de dados no setor p\u00fablico: estrat\u00e9gias essenciais","isPartOf":{"@id":"https:\/\/niteo.com.br\/blog\/#website"},"primaryImageOfPage":{"@id":"https:\/\/niteo.com.br\/blog\/governanca-de-dados-no-setor-publico\/#primaryimage"},"image":{"@id":"https:\/\/niteo.com.br\/blog\/governanca-de-dados-no-setor-publico\/#primaryimage"},"thumbnailUrl":"https:\/\/niteo.com.br\/blog\/wp-content\/uploads\/2024\/08\/data-governance-1.jpg","datePublished":"2024-08-09T16:53:11+00:00","dateModified":"2024-12-10T14:11:04+00:00","description":"Vem descobrir como desenvolver uma estrat\u00e9gia de governan\u00e7a de dados no setor p\u00fablico, alinhada \u00e0s principais regulamenta\u00e7\u00f5es!","breadcrumb":{"@id":"https:\/\/niteo.com.br\/blog\/governanca-de-dados-no-setor-publico\/#breadcrumb"},"inLanguage":"pt-BR","potentialAction":[{"@type":"ReadAction","target":["https:\/\/niteo.com.br\/blog\/governanca-de-dados-no-setor-publico\/"]}]},{"@type":"ImageObject","inLanguage":"pt-BR","@id":"https:\/\/niteo.com.br\/blog\/governanca-de-dados-no-setor-publico\/#primaryimage","url":"https:\/\/niteo.com.br\/blog\/wp-content\/uploads\/2024\/08\/data-governance-1.jpg","contentUrl":"https:\/\/niteo.com.br\/blog\/wp-content\/uploads\/2024\/08\/data-governance-1.jpg","width":1200,"height":628,"caption":"Governan\u00e7a de dados no setor p\u00fablico. Estrat\u00e9gias para um governo eficiente e transparente."},{"@type":"BreadcrumbList","@id":"https:\/\/niteo.com.br\/blog\/governanca-de-dados-no-setor-publico\/#breadcrumb","itemListElement":[{"@type":"ListItem","position":1,"name":"Home","item":"https:\/\/niteo.com.br\/blog\/"},{"@type":"ListItem","position":2,"name":"Estrat\u00e9gias de governan\u00e7a de dados no setor p\u00fablico para potencializar a efici\u00eancia e a transpar\u00eancia"}]},{"@type":"WebSite","@id":"https:\/\/niteo.com.br\/blog\/#website","url":"https:\/\/niteo.com.br\/blog\/","name":"Blog Niteo","description":"Insights sobre Data &amp; Analytics, AI e Tecnologias \u00c1geis para empresas monetizarem seus dados","publisher":{"@id":"https:\/\/niteo.com.br\/blog\/#organization"},"potentialAction":[{"@type":"SearchAction","target":{"@type":"EntryPoint","urlTemplate":"https:\/\/niteo.com.br\/blog\/?s={search_term_string}"},"query-input":{"@type":"PropertyValueSpecification","valueRequired":true,"valueName":"search_term_string"}}],"inLanguage":"pt-BR"},{"@type":"Organization","@id":"https:\/\/niteo.com.br\/blog\/#organization","name":"Niteo Technologies","alternateName":"Niteo","url":"https:\/\/niteo.com.br\/blog\/","logo":{"@type":"ImageObject","inLanguage":"pt-BR","@id":"https:\/\/niteo.com.br\/blog\/#\/schema\/logo\/image\/","url":"https:\/\/niteo.com.br\/blog\/wp-content\/uploads\/2023\/12\/logo-niteo-box-696x696-1.png","contentUrl":"https:\/\/niteo.com.br\/blog\/wp-content\/uploads\/2023\/12\/logo-niteo-box-696x696-1.png","width":696,"height":696,"caption":"Niteo Technologies"},"image":{"@id":"https:\/\/niteo.com.br\/blog\/#\/schema\/logo\/image\/"},"sameAs":["https:\/\/www.facebook.com\/niteo.br","https:\/\/www.linkedin.com\/company\/658686","https:\/\/www.instagram.com\/niteo.br\/","https:\/\/www.youtube.com\/@NiteoBrasil"],"publishingPrinciples":"https:\/\/niteo.com.br\/blog\/politica-de-privacidade\/","ethicsPolicy":"https:\/\/niteo.com.br\/blog\/politica-de-privacidade\/"},{"@type":"Person","@id":"https:\/\/niteo.com.br\/blog\/#\/schema\/person\/9e1293f00f5a1a8a3b4d49f30e75d353","name":"Jefferson Tolentino","image":{"@type":"ImageObject","inLanguage":"pt-BR","@id":"https:\/\/secure.gravatar.com\/avatar\/77d4cd21e4162c31f808ea0ef6a3d7b1060aae1e2454ad655ff8ea6e7a959afd?s=96&d=mm&r=g","url":"https:\/\/secure.gravatar.com\/avatar\/77d4cd21e4162c31f808ea0ef6a3d7b1060aae1e2454ad655ff8ea6e7a959afd?s=96&d=mm&r=g","contentUrl":"https:\/\/secure.gravatar.com\/avatar\/77d4cd21e4162c31f808ea0ef6a3d7b1060aae1e2454ad655ff8ea6e7a959afd?s=96&d=mm&r=g","caption":"Jefferson Tolentino"},"sameAs":["https:\/\/www.linkedin.com\/in\/jeffersontolentino\/"]}]}},"_links":{"self":[{"href":"https:\/\/niteo.com.br\/blog\/wp-json\/wp\/v2\/posts\/23586","targetHints":{"allow":["GET"]}}],"collection":[{"href":"https:\/\/niteo.com.br\/blog\/wp-json\/wp\/v2\/posts"}],"about":[{"href":"https:\/\/niteo.com.br\/blog\/wp-json\/wp\/v2\/types\/post"}],"author":[{"embeddable":true,"href":"https:\/\/niteo.com.br\/blog\/wp-json\/wp\/v2\/users\/6"}],"replies":[{"embeddable":true,"href":"https:\/\/niteo.com.br\/blog\/wp-json\/wp\/v2\/comments?post=23586"}],"version-history":[{"count":13,"href":"https:\/\/niteo.com.br\/blog\/wp-json\/wp\/v2\/posts\/23586\/revisions"}],"predecessor-version":[{"id":24026,"href":"https:\/\/niteo.com.br\/blog\/wp-json\/wp\/v2\/posts\/23586\/revisions\/24026"}],"wp:featuredmedia":[{"embeddable":true,"href":"https:\/\/niteo.com.br\/blog\/wp-json\/wp\/v2\/media\/23588"}],"wp:attachment":[{"href":"https:\/\/niteo.com.br\/blog\/wp-json\/wp\/v2\/media?parent=23586"}],"wp:term":[{"taxonomy":"category","embeddable":true,"href":"https:\/\/niteo.com.br\/blog\/wp-json\/wp\/v2\/categories?post=23586"},{"taxonomy":"post_tag","embeddable":true,"href":"https:\/\/niteo.com.br\/blog\/wp-json\/wp\/v2\/tags?post=23586"}],"curies":[{"name":"wp","href":"https:\/\/api.w.org\/{rel}","templated":true}]}}