{"id":23473,"date":"2021-05-17T11:47:00","date_gmt":"2021-05-17T14:47:00","guid":{"rendered":"https:\/\/niteo.com.br\/blog\/?p=23473"},"modified":"2024-12-10T11:16:06","modified_gmt":"2024-12-10T14:16:06","slug":"teoria-dos-3-as","status":"publish","type":"post","link":"https:\/\/niteo.com.br\/blog\/teoria-dos-3-as\/","title":{"rendered":"O valor dos 3 As: quando os dados geram valor nas organiza\u00e7\u00f5es"},"content":{"rendered":"\n<p><em>No livro \u201cA Startup Enxuta\u201d, Eric Ries explica a teoria dos 3 As, que traz a import\u00e2ncia de aprender sobre os clientes e como os dados otimizam a qualidade, produtividade e o rendimento das empresas.<\/em><\/p>\n\n\n\n<div class=\"wp-block-yoast-seo-table-of-contents yoast-table-of-contents\"><h2>Voc\u00ea ler\u00e1 aqui:<\/h2><ul><li><a href=\"#h-acionavel-nbsp\" data-level=\"2\">Acion\u00e1vel\u00a0<\/a><\/li><li><a href=\"#h-acessivel-nbsp\" data-level=\"2\">Acess\u00edvel\u00a0<\/a><\/li><li><a href=\"#h-auditavel-nbsp\" data-level=\"2\">Audit\u00e1vel\u00a0<\/a><\/li><li><a href=\"#h-por-onde-comecar-a-implementar-a-teoria-dos-3-as\" data-level=\"2\">Por onde come\u00e7ar a implementar a teoria dos 3 As?<\/a><\/li><\/ul><\/div>\n\n\n\n<p>Em seu livro, A Startup Enxuta, Eric Ries responde \u00e0 quest\u00e3o: <\/p>\n\n\n\n<p>O que faz os relat\u00f3rios, os gr\u00e1ficos ou as informa\u00e7\u00f5es levantadas serem <strong>realmente relevantes<\/strong> para a tomada de decis\u00e3o em uma empresa? <\/p>\n\n\n\n<p><strong>Quais dados de fato apresentam o cen\u00e1rio real <\/strong>e direcionam as escolhas no cotidiano corporativo?<\/p>\n\n\n\n<figure class=\"wp-block-image size-full\"><img loading=\"lazy\" decoding=\"async\" width=\"960\" height=\"600\" src=\"https:\/\/niteo.com.br\/blog\/wp-content\/uploads\/2024\/05\/a-startup-enxuta-eric-ries.jpg\" alt=\"Eric Ries e seu livro &quot;A startup enxuta&quot;.\" class=\"wp-image-23475\" srcset=\"https:\/\/niteo.com.br\/blog\/wp-content\/uploads\/2024\/05\/a-startup-enxuta-eric-ries.jpg 960w, https:\/\/niteo.com.br\/blog\/wp-content\/uploads\/2024\/05\/a-startup-enxuta-eric-ries-300x188.jpg 300w, https:\/\/niteo.com.br\/blog\/wp-content\/uploads\/2024\/05\/a-startup-enxuta-eric-ries-150x94.jpg 150w, https:\/\/niteo.com.br\/blog\/wp-content\/uploads\/2024\/05\/a-startup-enxuta-eric-ries-200x125.jpg 200w, https:\/\/niteo.com.br\/blog\/wp-content\/uploads\/2024\/05\/a-startup-enxuta-eric-ries-600x375.jpg 600w, https:\/\/niteo.com.br\/blog\/wp-content\/uploads\/2024\/05\/a-startup-enxuta-eric-ries-60x38.jpg 60w, https:\/\/niteo.com.br\/blog\/wp-content\/uploads\/2024\/05\/a-startup-enxuta-eric-ries-400x250.jpg 400w\" sizes=\"auto, (max-width: 960px) 100vw, 960px\" \/><figcaption class=\"wp-element-caption\">O autor Eric Ries e seu livro &#8220;A startup enxuta&#8221;<\/figcaption><\/figure>\n\n\n\n<p>Eric Ries \u00e9 um empreendedor e atuou como consultor de neg\u00f3cios e estrat\u00e9gias em diversas startups, grandes empresas e companhias de investimento de risco.<\/p>\n\n\n\n<p>Ele demonstra como atuar para <strong>resolver problemas de neg\u00f3cio de maneira \u00e1gil<\/strong>, com repeti\u00e7\u00e3o e feedbacks dos clientes.<\/p>\n\n\n\n<p>Em seu livro, Ries define como desperd\u00edcio <em>\u201ctoda atividade que n\u00e3o contribui para se aprender a respeito dos clientes\u201d.<\/em><\/p>\n\n\n\n<p>Sendo assim, o empreendedor <strong>n\u00e3o desperdi\u00e7a recursos e tempo<\/strong> em algo que n\u00e3o trar\u00e1 retorno e possa se aplicar em algo que funcionar\u00e1 de fato.<\/p>\n\n\n\n<p>Ries acredita que seja em uma startup pequena, seja em iniciativas de grandes organiza\u00e7\u00f5es, n\u00e3o basta apenas um plano de neg\u00f3cios fechado. \u00c9 preciso que a <strong>gest\u00e3o esteja aberta<\/strong>.<\/p>\n\n\n\n<p>Isso porque mudan\u00e7as e erros podem ocorrer no decorrer dos processos planejados. Cientes disso, precisamos estar <strong>preparados para identific\u00e1-los e corrigi-los<\/strong> de maneira r\u00e1pida e eficiente.<\/p>\n\n\n\n<p>Nesse sentido, usar tecnologias que permitam <strong>coleta, tratamento e an\u00e1lise de dados de maneira \u00e1gil, <\/strong>e que as equipes acessem a informa\u00e7\u00e3o da maneira mais simples, se mostram ferramentas de grande import\u00e2ncia nesse modelo de gest\u00e3o.<\/p>\n\n\n\n<p>Em sua pondera\u00e7\u00e3o, Ries apresenta quais fundamentos s\u00e3o essenciais para suas m\u00e9tricas e explica o que s\u00e3o os chamados \u201c<em>Tr\u00eas As<\/em>\u201d. Explico sobre eles a seguir.<\/p>\n\n\n\n<h2 class=\"wp-block-heading\" id=\"h-acionavel-nbsp\">Acion\u00e1vel&nbsp;<\/h2>\n\n\n\n<p>O primeiro dos 3 As a desvendarmos \u00e9 o \u201c<em>A<\/em>\u201d de \u201c<em>acion\u00e1vel<\/em>\u201d, pois m\u00e9tricas acion\u00e1veis, demonstram uma <strong>rela\u00e7\u00e3o \u201ccausa x efeito\u201d clara e objetiva<\/strong> e levam a um aprendizado coletivo do time.<\/p>\n\n\n\n<p>Mas o que significa ser acion\u00e1vel?<\/p>\n\n\n\n<p>O termo est\u00e1 na no\u00e7\u00e3o de \u201ca\u00e7\u00e3o\u201d. Ou seja, quais a\u00e7\u00f5es foram realizadas para que cheg\u00e1ssemos a tal resultado? E se desejarmos repetir os resultados nos pr\u00f3ximos meses, quais a\u00e7\u00f5es seriam necess\u00e1rias?&nbsp;<\/p>\n\n\n\n<h2 class=\"wp-block-heading\" id=\"h-acessivel-nbsp\">Acess\u00edvel&nbsp;<\/h2>\n\n\n\n<p>O segundo conceito que suas m\u00e9tricas precisam seguir \u00e9 serem acess\u00edveis. <\/p>\n\n\n\n<p>N\u00e3o s\u00f3 para os colaboradores conseguirem acessar os dados de maneira f\u00e1cil por estarem na mesma plataforma, no mesmo sistema. Tamb\u00e9m porque <strong>os relat\u00f3rios precisam ser compreens\u00edveis<\/strong>.<\/p>\n\n\n\n<p>\u00c9 fundamental usar os dados plenamente no dia a dia da companhia, pois eles ajudam gestores e usu\u00e1rios de neg\u00f3cio a tomarem decis\u00f5es mais assertivas.<\/p>\n\n\n\n<p>Os cientistas de dados podem <strong>determinar e resolver essa complexidade <\/strong>para o melhor entendimento geral ao <strong>usar unidades tang\u00edveis e concretas<\/strong>.&nbsp;<\/p>\n\n\n\n<p>Ademais, \u00e9 importante que os colaboradores <strong>entendam qual \u00e9 a relev\u00e2ncia dos dados levantados<\/strong> e o que exatamente eles representam.<\/p>\n\n\n\n<p>Essa informa\u00e7\u00e3o que o colaborador tem acesso \u00e9 espec\u00edfica sobre o problema que ela ajudaria a solucionar? Se sim, por que ela \u00e9 \u00fatil?<\/p>\n\n\n\n<p>Al\u00e9m disso, \u00e9 necess\u00e1rio que o <strong>m\u00e1ximo de pessoas tenham acesso ao m\u00e1ximo de dados<\/strong> e que esses dados estejam sempre atualizados.<\/p>\n\n\n\n<p>As informa\u00e7\u00f5es podem ser relevantes para solucionar conflitos sobre um projeto ou produto, por exemplo, pois elas embasam argumentos, provendo evid\u00eancia para sustentar opini\u00f5es.&nbsp;<\/p>\n\n\n\n<p><em>Os dashboards e relat\u00f3rios s\u00e3o ferramentas indispens\u00e1veis para tornar os dados acess\u00edveis. Leia mais: <a href=\"\/blog\/boas-praticas-de-visualizacao-de-dados-para-analise-eficaz\/\" target=\"_blank\" rel=\"noreferrer noopener\">8 cuidados essenciais para alcan\u00e7ar uma visualiza\u00e7\u00e3o de dados confi\u00e1vel<\/a>.<\/em><\/p>\n\n\n\n<h2 class=\"wp-block-heading\" id=\"h-auditavel-nbsp\">Audit\u00e1vel&nbsp;<\/h2>\n\n\n\n<p>Por fim, \u00e9 preciso haver uma garantia de que os dados sejam confi\u00e1veis. Voc\u00ea pode ter essa prova checando <strong>se os relat\u00f3rios s\u00e3o coerentes entre si, <\/strong>ou ent\u00e3o quais gestores v\u00e3o atr\u00e1s da fonte.<\/p>\n\n\n\n<p>Isto \u00e9, quem ir\u00e1 conversar com os clientes e checar a veracidade das informa\u00e7\u00f5es. Elas condizem com a realidade da empresa?<\/p>\n\n\n\n<p>Ries observa que esse momento \u00e9 proveitoso tamb\u00e9m para <strong>se conectar com o cliente e explicar quais s\u00e3o as causas<\/strong> daqueles resultados.<\/p>\n\n\n\n<p>Outra medida que voc\u00ea pode tomar, de cunho preventivo, \u00e9 basear os relat\u00f3rios diretamente dos dados principais e n\u00e3o de um sistema intermedi\u00e1rio. Em consequ\u00eancia, <strong>as chances de errar ser\u00e3o reduzidas<\/strong>.&nbsp;<\/p>\n\n\n\n<p>Embora as empresas j\u00e1 tenham consci\u00eancia de que o levantamento de informa\u00e7\u00f5es e a cria\u00e7\u00e3o de relat\u00f3rios sejam importantes para o funcionamento da organiza\u00e7\u00e3o, nem sempre elas sabem <strong>como tirar m\u00e1ximo proveito disso tudo<\/strong>.<\/p>\n\n\n\n<p>Portanto, <strong>os 3 As podem ser uma dire\u00e7\u00e3o<\/strong> para aumentar sua produtividade.<\/p>\n\n\n\n<p><em>Uma governan\u00e7a de dados eficiente \u00e9 essencial para obter dados audit\u00e1veis. Nosso framework de pr\u00e1ticas e servi\u00e7os dedicados proporciona an\u00e1lise aprofundada, diagn\u00f3stico preciso e implementa\u00e7\u00e3o de estrat\u00e9gias de governan\u00e7a eficazes para sua empresa. Saiba mais: <a href=\"https:\/\/niteo.com.br\/data-analytics\/data-governance\/\" target=\"_blank\" rel=\"noreferrer noopener nofollow\">Niteo Data Governance<\/a><\/em>.<\/p>\n\n\n\n<h2 class=\"wp-block-heading\" id=\"h-por-onde-comecar-a-implementar-a-teoria-dos-3-as\">Por onde come\u00e7ar a implementar a teoria dos 3 As?<\/h2>\n\n\n\n<p>Mostrei para voc\u00ea neste artigo a import\u00e2ncia de <strong>ter dados acion\u00e1veis, acess\u00edveis e audit\u00e1veis<\/strong> para de fato entender a realidade da sua empresa. Seja um pequeno neg\u00f3cio ou uma grande companhia.<\/p>\n\n\n\n<p>Coletar os dados certos e saber interpret\u00e1-los representa uma mudan\u00e7a positiva na sua organiza\u00e7\u00e3o.<\/p>\n\n\n\n<p>Voc\u00ea economiza tempo, aumenta a entrega de produtos de qualidade para os clientes e <strong>concentra esfor\u00e7os <\/strong>em pontos realmente importantes para suas estrat\u00e9gias.<\/p>\n\n\n\n<p>Para come\u00e7ar a explorar o m\u00e1ximo valor dos seus dados, <strong>considere fazer parcerias estrat\u00e9gicas<\/strong>, com empresas especializadas em t\u00e9cnicas e processos de Data &amp; Analytics.<\/p>\n\n\n\n<p>A Niteo Technologies pode ajudar sua organiza\u00e7\u00e3o a seguir na dire\u00e7\u00e3o certa para atingir o valor dos 3 As.<\/p>\n\n\n\n<p>Com 18 anos de experi\u00eancia no mercado e qualifica\u00e7\u00e3o comprovada em Dados &amp; IA, fornecemos <strong>consultoria de dados estrat\u00e9gica<\/strong> para entendermos como seus dados est\u00e3o organizados e como eles podem gerar ainda mais valor para sua empresa.<\/p>\n\n\n\n<p>Tamb\u00e9m <strong>os preparamos para cada objetivo de neg\u00f3cio<\/strong> e para torn\u00e1-los mais acess\u00edveis a todas as equipes, sem abdicar de pol\u00edticas de governan\u00e7a e seguran\u00e7a.<\/p>\n\n\n\n<p>Por fim, podemos atuar ainda no <strong>treinamento das suas equipes<\/strong> para desenvolver as habilidades anal\u00edticas necess\u00e1rias e capacitar todos a usar os dados da melhor maneira poss\u00edvel para atingir objetivos e metas.<\/p>\n\n\n\n<p><a href=\"https:\/\/niteo.com.br\/\" target=\"_blank\" rel=\"noreferrer noopener\">Fale conosco<\/a> e descubra como ajudamos sua empresa a ressignificar seus dados atrav\u00e9s da tecnologia e da criatividade humana.<\/p>\n\n\n<section class=\"l-section wpb_row height_auto width_full\"><div class=\"l-section-h i-cf\"><div class=\"g-cols vc_row via_grid cols_1 laptops-cols_inherit tablets-cols_inherit mobiles-cols_1 valign_top type_default stacking_default\" style=\"--gap:0rem;\"><div class=\"wpb_column vc_column_container\"><div class=\"vc_column-inner\"><div class=\"w-separator size_small\"><\/div><div class=\"w-hwrapper valign_bottom align_none\" style=\"--hwrapper-gap:1rem\"><div class=\"w-image us_custom_d7270333 has_ratio align_none\"><a target=\"_blank\" href=\"https:\/\/www.linkedin.com\/in\/rsc-rafael\/\" aria-label=\"Rafa Costa, Innovation Manager na Niteo\" class=\"w-image-h\"><div style=\"padding-bottom:100%\"><\/div><img decoding=\"async\" width=\"100\" height=\"100\" src=\"https:\/\/niteo.com.br\/blog\/wp-content\/uploads\/2023\/12\/rafa-costa.jpg\" class=\"attachment-full size-full\" alt=\"Foto de Rafa Costa, Innovation Manager na Niteo\" loading=\"lazy\" srcset=\"https:\/\/niteo.com.br\/blog\/wp-content\/uploads\/2023\/12\/rafa-costa.jpg 100w, https:\/\/niteo.com.br\/blog\/wp-content\/uploads\/2023\/12\/rafa-costa-60x60.jpg 60w\" sizes=\"auto, (max-width: 100px) 100vw, 100px\" \/><\/a><\/div><div class=\"w-vwrapper align_none valign_top\"><p class=\"w-text us_custom_ee92cd40\"><span class=\"w-text-h\"><span class=\"w-text-value\">Rafa Costa<\/span><\/span><\/p><p class=\"w-text us_custom_4978f3fe\"><span target=\"_blank\" class=\"w-text-h\"><span class=\"w-text-value\">Innovation Manager na Niteo<\/span><\/span><\/p><div class=\"w-iconbox us_custom_0741ea35 nh-blog-link-clear iconpos_left style_default color_custom align_left no_text no_title\"><a target=\"_blank\" href=\"https:\/\/www.linkedin.com\/in\/rsc-rafael\/\" class=\"w-iconbox-link\" aria-label=\"fab|linkedin\"><div class=\"w-iconbox-icon\" style=\"font-size:1.3rem;--icon-color:#0e76a8;\"><i class=\"fab fa-linkedin\"><\/i><\/div><\/a><div class=\"w-iconbox-meta\"><\/div><\/div><\/div><\/div><\/div><\/div><\/div><\/div><\/section>\n\n","protected":false},"excerpt":{"rendered":"<p>Como colocar em pr\u00e1tica a teoria descrita por Eric Ries no livro \u201cA Startup Enxuta\u201d, chamada de 3 As? Confira como os dados podem ser mais bem aproveitados a partir de tr\u00eas pilares.<\/p>\n","protected":false},"author":15,"featured_media":23474,"comment_status":"open","ping_status":"open","sticky":false,"template":"","format":"standard","meta":{"footnotes":""},"categories":[6,21],"tags":[],"class_list":["post-23473","post","type-post","status-publish","format-standard","has-post-thumbnail","hentry","category-data-e-analytics","category-inovacao"],"yoast_head":"<!-- This site is optimized with the Yoast SEO Premium plugin v27.3 (Yoast SEO v27.5) - https:\/\/yoast.com\/product\/yoast-seo-premium-wordpress\/ -->\n<title>Teoria dos 3 As: como aumentar o impacto e o valor dos dados<\/title>\n<meta name=\"description\" content=\"Na teoria dos 3 As, Eric Ries explica a import\u00e2ncia de ter dados acion\u00e1veis, acess\u00edveis e audit\u00e1veis. Vem saber mais!\" \/>\n<meta name=\"robots\" content=\"index, follow, max-snippet:-1, max-image-preview:large, max-video-preview:-1\" \/>\n<link rel=\"canonical\" href=\"https:\/\/niteo.com.br\/blog\/teoria-dos-3-as\/\" \/>\n<meta property=\"og:locale\" content=\"pt_BR\" \/>\n<meta property=\"og:type\" content=\"article\" \/>\n<meta property=\"og:title\" content=\"O valor dos 3 As: quando os dados geram valor nas organiza\u00e7\u00f5es\" \/>\n<meta property=\"og:description\" content=\"Na teoria dos 3 As, Eric Ries explica a import\u00e2ncia de ter dados acion\u00e1veis, acess\u00edveis e audit\u00e1veis. Vem saber mais!\" \/>\n<meta property=\"og:url\" content=\"https:\/\/niteo.com.br\/blog\/teoria-dos-3-as\/\" \/>\n<meta property=\"og:site_name\" content=\"Blog Niteo\" \/>\n<meta property=\"article:publisher\" content=\"https:\/\/www.facebook.com\/niteo.br\" \/>\n<meta property=\"article:published_time\" content=\"2021-05-17T14:47:00+00:00\" \/>\n<meta property=\"article:modified_time\" content=\"2024-12-10T14:16:06+00:00\" \/>\n<meta property=\"og:image\" content=\"https:\/\/niteo.com.br\/blog\/wp-content\/uploads\/2024\/05\/3-as.jpg\" \/>\n\t<meta property=\"og:image:width\" content=\"1200\" \/>\n\t<meta property=\"og:image:height\" content=\"628\" \/>\n\t<meta property=\"og:image:type\" content=\"image\/jpeg\" \/>\n<meta name=\"author\" content=\"Pedro Souza\" \/>\n<meta name=\"twitter:card\" content=\"summary_large_image\" \/>\n<meta name=\"twitter:label1\" content=\"Escrito por\" \/>\n\t<meta name=\"twitter:data1\" content=\"Pedro Souza\" \/>\n\t<meta name=\"twitter:label2\" content=\"Est. tempo de leitura\" \/>\n\t<meta name=\"twitter:data2\" content=\"6 minutos\" \/>\n<script type=\"application\/ld+json\" class=\"yoast-schema-graph\">{\"@context\":\"https:\\\/\\\/schema.org\",\"@graph\":[{\"@type\":\"Article\",\"@id\":\"https:\\\/\\\/niteo.com.br\\\/blog\\\/teoria-dos-3-as\\\/#article\",\"isPartOf\":{\"@id\":\"https:\\\/\\\/niteo.com.br\\\/blog\\\/teoria-dos-3-as\\\/\"},\"author\":{\"name\":\"Pedro Souza\",\"@id\":\"https:\\\/\\\/niteo.com.br\\\/blog\\\/#\\\/schema\\\/person\\\/28f225329d01e96b23d0817e1f68ae9e\"},\"headline\":\"O valor dos 3 As: quando os dados geram valor nas organiza\u00e7\u00f5es\",\"datePublished\":\"2021-05-17T14:47:00+00:00\",\"dateModified\":\"2024-12-10T14:16:06+00:00\",\"mainEntityOfPage\":{\"@id\":\"https:\\\/\\\/niteo.com.br\\\/blog\\\/teoria-dos-3-as\\\/\"},\"wordCount\":1150,\"commentCount\":0,\"publisher\":{\"@id\":\"https:\\\/\\\/niteo.com.br\\\/blog\\\/#organization\"},\"image\":{\"@id\":\"https:\\\/\\\/niteo.com.br\\\/blog\\\/teoria-dos-3-as\\\/#primaryimage\"},\"thumbnailUrl\":\"https:\\\/\\\/niteo.com.br\\\/blog\\\/wp-content\\\/uploads\\\/2024\\\/05\\\/3-as.jpg\",\"articleSection\":[\"Data &amp; Analytics\",\"Inova\u00e7\u00e3o\"],\"inLanguage\":\"pt-BR\",\"potentialAction\":[{\"@type\":\"CommentAction\",\"name\":\"Comment\",\"target\":[\"https:\\\/\\\/niteo.com.br\\\/blog\\\/teoria-dos-3-as\\\/#respond\"]}],\"accessibilityFeature\":[\"tableOfContents\"]},{\"@type\":\"WebPage\",\"@id\":\"https:\\\/\\\/niteo.com.br\\\/blog\\\/teoria-dos-3-as\\\/\",\"url\":\"https:\\\/\\\/niteo.com.br\\\/blog\\\/teoria-dos-3-as\\\/\",\"name\":\"Teoria dos 3 As: como aumentar o impacto e o valor dos dados\",\"isPartOf\":{\"@id\":\"https:\\\/\\\/niteo.com.br\\\/blog\\\/#website\"},\"primaryImageOfPage\":{\"@id\":\"https:\\\/\\\/niteo.com.br\\\/blog\\\/teoria-dos-3-as\\\/#primaryimage\"},\"image\":{\"@id\":\"https:\\\/\\\/niteo.com.br\\\/blog\\\/teoria-dos-3-as\\\/#primaryimage\"},\"thumbnailUrl\":\"https:\\\/\\\/niteo.com.br\\\/blog\\\/wp-content\\\/uploads\\\/2024\\\/05\\\/3-as.jpg\",\"datePublished\":\"2021-05-17T14:47:00+00:00\",\"dateModified\":\"2024-12-10T14:16:06+00:00\",\"description\":\"Na teoria dos 3 As, Eric Ries explica a import\u00e2ncia de ter dados acion\u00e1veis, acess\u00edveis e audit\u00e1veis. Vem saber mais!\",\"breadcrumb\":{\"@id\":\"https:\\\/\\\/niteo.com.br\\\/blog\\\/teoria-dos-3-as\\\/#breadcrumb\"},\"inLanguage\":\"pt-BR\",\"potentialAction\":[{\"@type\":\"ReadAction\",\"target\":[\"https:\\\/\\\/niteo.com.br\\\/blog\\\/teoria-dos-3-as\\\/\"]}]},{\"@type\":\"ImageObject\",\"inLanguage\":\"pt-BR\",\"@id\":\"https:\\\/\\\/niteo.com.br\\\/blog\\\/teoria-dos-3-as\\\/#primaryimage\",\"url\":\"https:\\\/\\\/niteo.com.br\\\/blog\\\/wp-content\\\/uploads\\\/2024\\\/05\\\/3-as.jpg\",\"contentUrl\":\"https:\\\/\\\/niteo.com.br\\\/blog\\\/wp-content\\\/uploads\\\/2024\\\/05\\\/3-as.jpg\",\"width\":1200,\"height\":628,\"caption\":\"Teoria dos 3 As: O que o livro \\\"A Startup Enxuta\\\" do autor Eric Ries ensina sobre o valor dos dados.\"},{\"@type\":\"BreadcrumbList\",\"@id\":\"https:\\\/\\\/niteo.com.br\\\/blog\\\/teoria-dos-3-as\\\/#breadcrumb\",\"itemListElement\":[{\"@type\":\"ListItem\",\"position\":1,\"name\":\"Home\",\"item\":\"https:\\\/\\\/niteo.com.br\\\/blog\\\/\"},{\"@type\":\"ListItem\",\"position\":2,\"name\":\"O valor dos 3 As: quando os dados geram valor nas organiza\u00e7\u00f5es\"}]},{\"@type\":\"WebSite\",\"@id\":\"https:\\\/\\\/niteo.com.br\\\/blog\\\/#website\",\"url\":\"https:\\\/\\\/niteo.com.br\\\/blog\\\/\",\"name\":\"Blog Niteo\",\"description\":\"Insights sobre Data &amp; Analytics, AI e Tecnologias \u00c1geis para empresas monetizarem seus dados\",\"publisher\":{\"@id\":\"https:\\\/\\\/niteo.com.br\\\/blog\\\/#organization\"},\"potentialAction\":[{\"@type\":\"SearchAction\",\"target\":{\"@type\":\"EntryPoint\",\"urlTemplate\":\"https:\\\/\\\/niteo.com.br\\\/blog\\\/?s={search_term_string}\"},\"query-input\":{\"@type\":\"PropertyValueSpecification\",\"valueRequired\":true,\"valueName\":\"search_term_string\"}}],\"inLanguage\":\"pt-BR\"},{\"@type\":\"Organization\",\"@id\":\"https:\\\/\\\/niteo.com.br\\\/blog\\\/#organization\",\"name\":\"Niteo Technologies\",\"alternateName\":\"Niteo\",\"url\":\"https:\\\/\\\/niteo.com.br\\\/blog\\\/\",\"logo\":{\"@type\":\"ImageObject\",\"inLanguage\":\"pt-BR\",\"@id\":\"https:\\\/\\\/niteo.com.br\\\/blog\\\/#\\\/schema\\\/logo\\\/image\\\/\",\"url\":\"https:\\\/\\\/niteo.com.br\\\/blog\\\/wp-content\\\/uploads\\\/2023\\\/12\\\/logo-niteo-box-696x696-1.png\",\"contentUrl\":\"https:\\\/\\\/niteo.com.br\\\/blog\\\/wp-content\\\/uploads\\\/2023\\\/12\\\/logo-niteo-box-696x696-1.png\",\"width\":696,\"height\":696,\"caption\":\"Niteo Technologies\"},\"image\":{\"@id\":\"https:\\\/\\\/niteo.com.br\\\/blog\\\/#\\\/schema\\\/logo\\\/image\\\/\"},\"sameAs\":[\"https:\\\/\\\/www.facebook.com\\\/niteo.br\",\"https:\\\/\\\/www.linkedin.com\\\/company\\\/658686\",\"https:\\\/\\\/www.instagram.com\\\/niteo.br\\\/\",\"https:\\\/\\\/www.youtube.com\\\/@NiteoBrasil\"],\"publishingPrinciples\":\"https:\\\/\\\/niteo.com.br\\\/blog\\\/politica-de-privacidade\\\/\",\"ethicsPolicy\":\"https:\\\/\\\/niteo.com.br\\\/blog\\\/politica-de-privacidade\\\/\"},{\"@type\":\"Person\",\"@id\":\"https:\\\/\\\/niteo.com.br\\\/blog\\\/#\\\/schema\\\/person\\\/28f225329d01e96b23d0817e1f68ae9e\",\"name\":\"Pedro Souza\",\"image\":{\"@type\":\"ImageObject\",\"inLanguage\":\"pt-BR\",\"@id\":\"https:\\\/\\\/secure.gravatar.com\\\/avatar\\\/c2231ab98f3f2590a045c57f421adc35f6c30136b13947dec512226b74bb72b2?s=96&d=mm&r=g\",\"url\":\"https:\\\/\\\/secure.gravatar.com\\\/avatar\\\/c2231ab98f3f2590a045c57f421adc35f6c30136b13947dec512226b74bb72b2?s=96&d=mm&r=g\",\"contentUrl\":\"https:\\\/\\\/secure.gravatar.com\\\/avatar\\\/c2231ab98f3f2590a045c57f421adc35f6c30136b13947dec512226b74bb72b2?s=96&d=mm&r=g\",\"caption\":\"Pedro Souza\"}}]}<\/script>\n<!-- \/ Yoast SEO Premium plugin. -->","yoast_head_json":{"title":"Teoria dos 3 As: como aumentar o impacto e o valor dos dados","description":"Na teoria dos 3 As, Eric Ries explica a import\u00e2ncia de ter dados acion\u00e1veis, acess\u00edveis e audit\u00e1veis. Vem saber mais!","robots":{"index":"index","follow":"follow","max-snippet":"max-snippet:-1","max-image-preview":"max-image-preview:large","max-video-preview":"max-video-preview:-1"},"canonical":"https:\/\/niteo.com.br\/blog\/teoria-dos-3-as\/","og_locale":"pt_BR","og_type":"article","og_title":"O valor dos 3 As: quando os dados geram valor nas organiza\u00e7\u00f5es","og_description":"Na teoria dos 3 As, Eric Ries explica a import\u00e2ncia de ter dados acion\u00e1veis, acess\u00edveis e audit\u00e1veis. Vem saber mais!","og_url":"https:\/\/niteo.com.br\/blog\/teoria-dos-3-as\/","og_site_name":"Blog Niteo","article_publisher":"https:\/\/www.facebook.com\/niteo.br","article_published_time":"2021-05-17T14:47:00+00:00","article_modified_time":"2024-12-10T14:16:06+00:00","og_image":[{"width":1200,"height":628,"url":"https:\/\/niteo.com.br\/blog\/wp-content\/uploads\/2024\/05\/3-as.jpg","type":"image\/jpeg"}],"author":"Pedro Souza","twitter_card":"summary_large_image","twitter_misc":{"Escrito por":"Pedro Souza","Est. tempo de leitura":"6 minutos"},"schema":{"@context":"https:\/\/schema.org","@graph":[{"@type":"Article","@id":"https:\/\/niteo.com.br\/blog\/teoria-dos-3-as\/#article","isPartOf":{"@id":"https:\/\/niteo.com.br\/blog\/teoria-dos-3-as\/"},"author":{"name":"Pedro Souza","@id":"https:\/\/niteo.com.br\/blog\/#\/schema\/person\/28f225329d01e96b23d0817e1f68ae9e"},"headline":"O valor dos 3 As: quando os dados geram valor nas organiza\u00e7\u00f5es","datePublished":"2021-05-17T14:47:00+00:00","dateModified":"2024-12-10T14:16:06+00:00","mainEntityOfPage":{"@id":"https:\/\/niteo.com.br\/blog\/teoria-dos-3-as\/"},"wordCount":1150,"commentCount":0,"publisher":{"@id":"https:\/\/niteo.com.br\/blog\/#organization"},"image":{"@id":"https:\/\/niteo.com.br\/blog\/teoria-dos-3-as\/#primaryimage"},"thumbnailUrl":"https:\/\/niteo.com.br\/blog\/wp-content\/uploads\/2024\/05\/3-as.jpg","articleSection":["Data &amp; Analytics","Inova\u00e7\u00e3o"],"inLanguage":"pt-BR","potentialAction":[{"@type":"CommentAction","name":"Comment","target":["https:\/\/niteo.com.br\/blog\/teoria-dos-3-as\/#respond"]}],"accessibilityFeature":["tableOfContents"]},{"@type":"WebPage","@id":"https:\/\/niteo.com.br\/blog\/teoria-dos-3-as\/","url":"https:\/\/niteo.com.br\/blog\/teoria-dos-3-as\/","name":"Teoria dos 3 As: como aumentar o impacto e o valor dos dados","isPartOf":{"@id":"https:\/\/niteo.com.br\/blog\/#website"},"primaryImageOfPage":{"@id":"https:\/\/niteo.com.br\/blog\/teoria-dos-3-as\/#primaryimage"},"image":{"@id":"https:\/\/niteo.com.br\/blog\/teoria-dos-3-as\/#primaryimage"},"thumbnailUrl":"https:\/\/niteo.com.br\/blog\/wp-content\/uploads\/2024\/05\/3-as.jpg","datePublished":"2021-05-17T14:47:00+00:00","dateModified":"2024-12-10T14:16:06+00:00","description":"Na teoria dos 3 As, Eric Ries explica a import\u00e2ncia de ter dados acion\u00e1veis, acess\u00edveis e audit\u00e1veis. Vem saber mais!","breadcrumb":{"@id":"https:\/\/niteo.com.br\/blog\/teoria-dos-3-as\/#breadcrumb"},"inLanguage":"pt-BR","potentialAction":[{"@type":"ReadAction","target":["https:\/\/niteo.com.br\/blog\/teoria-dos-3-as\/"]}]},{"@type":"ImageObject","inLanguage":"pt-BR","@id":"https:\/\/niteo.com.br\/blog\/teoria-dos-3-as\/#primaryimage","url":"https:\/\/niteo.com.br\/blog\/wp-content\/uploads\/2024\/05\/3-as.jpg","contentUrl":"https:\/\/niteo.com.br\/blog\/wp-content\/uploads\/2024\/05\/3-as.jpg","width":1200,"height":628,"caption":"Teoria dos 3 As: O que o livro \"A Startup Enxuta\" do autor Eric Ries ensina sobre o valor dos dados."},{"@type":"BreadcrumbList","@id":"https:\/\/niteo.com.br\/blog\/teoria-dos-3-as\/#breadcrumb","itemListElement":[{"@type":"ListItem","position":1,"name":"Home","item":"https:\/\/niteo.com.br\/blog\/"},{"@type":"ListItem","position":2,"name":"O valor dos 3 As: quando os dados geram valor nas organiza\u00e7\u00f5es"}]},{"@type":"WebSite","@id":"https:\/\/niteo.com.br\/blog\/#website","url":"https:\/\/niteo.com.br\/blog\/","name":"Blog Niteo","description":"Insights sobre Data &amp; Analytics, AI e Tecnologias \u00c1geis para empresas monetizarem seus dados","publisher":{"@id":"https:\/\/niteo.com.br\/blog\/#organization"},"potentialAction":[{"@type":"SearchAction","target":{"@type":"EntryPoint","urlTemplate":"https:\/\/niteo.com.br\/blog\/?s={search_term_string}"},"query-input":{"@type":"PropertyValueSpecification","valueRequired":true,"valueName":"search_term_string"}}],"inLanguage":"pt-BR"},{"@type":"Organization","@id":"https:\/\/niteo.com.br\/blog\/#organization","name":"Niteo Technologies","alternateName":"Niteo","url":"https:\/\/niteo.com.br\/blog\/","logo":{"@type":"ImageObject","inLanguage":"pt-BR","@id":"https:\/\/niteo.com.br\/blog\/#\/schema\/logo\/image\/","url":"https:\/\/niteo.com.br\/blog\/wp-content\/uploads\/2023\/12\/logo-niteo-box-696x696-1.png","contentUrl":"https:\/\/niteo.com.br\/blog\/wp-content\/uploads\/2023\/12\/logo-niteo-box-696x696-1.png","width":696,"height":696,"caption":"Niteo Technologies"},"image":{"@id":"https:\/\/niteo.com.br\/blog\/#\/schema\/logo\/image\/"},"sameAs":["https:\/\/www.facebook.com\/niteo.br","https:\/\/www.linkedin.com\/company\/658686","https:\/\/www.instagram.com\/niteo.br\/","https:\/\/www.youtube.com\/@NiteoBrasil"],"publishingPrinciples":"https:\/\/niteo.com.br\/blog\/politica-de-privacidade\/","ethicsPolicy":"https:\/\/niteo.com.br\/blog\/politica-de-privacidade\/"},{"@type":"Person","@id":"https:\/\/niteo.com.br\/blog\/#\/schema\/person\/28f225329d01e96b23d0817e1f68ae9e","name":"Pedro Souza","image":{"@type":"ImageObject","inLanguage":"pt-BR","@id":"https:\/\/secure.gravatar.com\/avatar\/c2231ab98f3f2590a045c57f421adc35f6c30136b13947dec512226b74bb72b2?s=96&d=mm&r=g","url":"https:\/\/secure.gravatar.com\/avatar\/c2231ab98f3f2590a045c57f421adc35f6c30136b13947dec512226b74bb72b2?s=96&d=mm&r=g","contentUrl":"https:\/\/secure.gravatar.com\/avatar\/c2231ab98f3f2590a045c57f421adc35f6c30136b13947dec512226b74bb72b2?s=96&d=mm&r=g","caption":"Pedro Souza"}}]}},"_links":{"self":[{"href":"https:\/\/niteo.com.br\/blog\/wp-json\/wp\/v2\/posts\/23473","targetHints":{"allow":["GET"]}}],"collection":[{"href":"https:\/\/niteo.com.br\/blog\/wp-json\/wp\/v2\/posts"}],"about":[{"href":"https:\/\/niteo.com.br\/blog\/wp-json\/wp\/v2\/types\/post"}],"author":[{"embeddable":true,"href":"https:\/\/niteo.com.br\/blog\/wp-json\/wp\/v2\/users\/15"}],"replies":[{"embeddable":true,"href":"https:\/\/niteo.com.br\/blog\/wp-json\/wp\/v2\/comments?post=23473"}],"version-history":[{"count":11,"href":"https:\/\/niteo.com.br\/blog\/wp-json\/wp\/v2\/posts\/23473\/revisions"}],"predecessor-version":[{"id":24217,"href":"https:\/\/niteo.com.br\/blog\/wp-json\/wp\/v2\/posts\/23473\/revisions\/24217"}],"wp:featuredmedia":[{"embeddable":true,"href":"https:\/\/niteo.com.br\/blog\/wp-json\/wp\/v2\/media\/23474"}],"wp:attachment":[{"href":"https:\/\/niteo.com.br\/blog\/wp-json\/wp\/v2\/media?parent=23473"}],"wp:term":[{"taxonomy":"category","embeddable":true,"href":"https:\/\/niteo.com.br\/blog\/wp-json\/wp\/v2\/categories?post=23473"},{"taxonomy":"post_tag","embeddable":true,"href":"https:\/\/niteo.com.br\/blog\/wp-json\/wp\/v2\/tags?post=23473"}],"curies":[{"name":"wp","href":"https:\/\/api.w.org\/{rel}","templated":true}]}}